{"id":17570,"date":"2023-09-25T18:33:19","date_gmt":"2023-09-25T16:33:19","guid":{"rendered":"https:\/\/zsp12.gliwice.pl\/sp15\/?p=17570"},"modified":"2023-09-25T18:34:10","modified_gmt":"2023-09-25T16:34:10","slug":"wakacje-z-jezykiem-niemieckim","status":"publish","type":"post","link":"https:\/\/zsp12.gliwice.pl\/sp15\/blog\/2023\/09\/25\/wakacje-z-jezykiem-niemieckim\/","title":{"rendered":"WAKACJE Z J\u0118ZYKIEM NIEMIECKIM"},"content":{"rendered":"<p><em>Jest nam niezmiernie mi\u0142o, \u017ce uczniowie j\u0119zyka mniejszo\u015bci niemieckiej tak ch\u0119tnie doskonalili w czasie wakacji swoje umiej\u0119tno\u015bci j\u0119zykowe \ud83d\ude42 Trzecia edycja wakacyjnej ksi\u0105\u017ceczki z zadaniami przesz\u0142a nasze oczekiwania \ud83d\ude42 Otrzyma\u0142y\u015bmy du\u017c\u0105 ilo\u015b\u0107 prac, z czego bardzo si\u0119 cieszymy i \u017cyczymy takiego zapa\u0142u do pracy przez ca\u0142y rok szkolny \ud83d\ude42 Dzi\u0119kujemy r\u00f3wnie\u017c wszystkim uczniom, kt\u00f3rzy przywie\u017ali z wakacji poczt\u00f3wki z pozdrowieniami w j\u0119zyku niemieckim. Otrzyma\u0142y\u015bmy od Was du\u017c\u0105 ilo\u015b\u0107 kartek z r\u00f3\u017cnych zak\u0105tk\u00f3w Polski i innych europejskich pa\u0144stw. Dzi\u0119kujemy, \u017ce w wakacje pami\u0119tali\u015bcie o nas i o j\u0119zyku niemieckim \u263a\ufe0f \u017byczymy, aby rok szkolny by\u0142 dla Was tak pi\u0119kny jak minione wakacje. Pani Magda i Pani Sylwia \ud83d\ude42<\/em><\/p>\n<p><em>Zapraszamy do galerii zdj\u0119\u0107 z rozdania upomink\u00f3w za wakacyjn\u0105 aktywno\u015b\u0107 \ud83d\ude42<\/em><\/p>\n<p style=\"text-align: right\"><em>Sylwia Boryczka, Magdalena Pr\u0105tnicka<\/em><\/p>\nngg_shortcode_0_placeholder\n","protected":false},"excerpt":{"rendered":"<p>Jest nam niezmiernie mi\u0142o, \u017ce uczniowie j\u0119zyka mniejszo\u015bci niemieckiej tak ch\u0119tnie doskonalili w czasie wakacji swoje umiej\u0119tno\u015bci j\u0119zykowe \ud83d\ude42 Trzecia edycja wakacyjnej ksi\u0105\u017ceczki z zadaniami przesz\u0142a nasze oczekiwania \ud83d\ude42 Otrzyma\u0142y\u015bmy&#8230;<\/p>\n","protected":false},"author":2,"featured_media":17585,"comment_status":"open","ping_status":"open","sticky":false,"template":"","format":"standard","meta":{"inline_featured_image":false,"ngg_post_thumbnail":0,"footnotes":""},"categories":[29],"tags":[],"class_list":["post-17570","post","type-post","status-publish","format-standard","has-post-thumbnail","hentry","category-aktualnosci"],"_links":{"self":[{"href":"https:\/\/zsp12.gliwice.pl\/sp15\/wp-json\/wp\/v2\/posts\/17570"}],"collection":[{"href":"https:\/\/zsp12.gliwice.pl\/sp15\/wp-json\/wp\/v2\/posts"}],"about":[{"href":"https:\/\/zsp12.gliwice.pl\/sp15\/wp-json\/wp\/v2\/types\/post"}],"author":[{"embeddable":true,"href":"https:\/\/zsp12.gliwice.pl\/sp15\/wp-json\/wp\/v2\/users\/2"}],"replies":[{"embeddable":true,"href":"https:\/\/zsp12.gliwice.pl\/sp15\/wp-json\/wp\/v2\/comments?post=17570"}],"version-history":[{"count":1,"href":"https:\/\/zsp12.gliwice.pl\/sp15\/wp-json\/wp\/v2\/posts\/17570\/revisions"}],"predecessor-version":[{"id":17586,"href":"https:\/\/zsp12.gliwice.pl\/sp15\/wp-json\/wp\/v2\/posts\/17570\/revisions\/17586"}],"wp:featuredmedia":[{"embeddable":true,"href":"https:\/\/zsp12.gliwice.pl\/sp15\/wp-json\/wp\/v2\/media\/17585"}],"wp:attachment":[{"href":"https:\/\/zsp12.gliwice.pl\/sp15\/wp-json\/wp\/v2\/media?parent=17570"}],"wp:term":[{"taxonomy":"category","embeddable":true,"href":"https:\/\/zsp12.gliwice.pl\/sp15\/wp-json\/wp\/v2\/categories?post=17570"},{"taxonomy":"post_tag","embeddable":true,"href":"https:\/\/zsp12.gliwice.pl\/sp15\/wp-json\/wp\/v2\/tags?post=17570"}],"curies":[{"name":"wp","href":"https:\/\/api.w.org\/{rel}","templated":true}]}}