{"id":17558,"date":"2023-09-19T19:46:44","date_gmt":"2023-09-19T17:46:44","guid":{"rendered":"https:\/\/zsp12.gliwice.pl\/sp15\/?p=17558"},"modified":"2023-09-19T19:46:50","modified_gmt":"2023-09-19T17:46:50","slug":"viii-edycja-ogolnopolskiego-filmowego-konkursu-historycznego-patria-nostra","status":"publish","type":"post","link":"https:\/\/zsp12.gliwice.pl\/sp15\/blog\/2023\/09\/19\/viii-edycja-ogolnopolskiego-filmowego-konkursu-historycznego-patria-nostra\/","title":{"rendered":"VIII Edycja Og\u00f3lnopolskiego Filmowego Konkursu Historycznego Patria Nostra"},"content":{"rendered":"<p><em>Uczniowie klasy 8a pod opiek\u0105 pani Karoliny Kopacz wzi\u0119li udzia\u0142 w VIII edycji og\u00f3lnopolskiego Filmowego Konkursu Historycznego Patria Nostra, kt\u00f3rego rozstrzygni\u0119cie nast\u0105pi\u0142o pocz\u0105tkiem wrze\u015bnia. Nagrody za udzia\u0142 w imieniu organizator\u00f3w wr\u0119czy\u0142a Pani Dyrektor Barbara Olchawa.&nbsp;<\/em><\/p>\n<p style=\"text-align: right\"><em>Karolina Kopacz<\/em><\/p>\nngg_shortcode_0_placeholder\n","protected":false},"excerpt":{"rendered":"<p>Uczniowie klasy 8a pod opiek\u0105 pani Karoliny Kopacz wzi\u0119li udzia\u0142 w VIII edycji og\u00f3lnopolskiego Filmowego Konkursu Historycznego Patria Nostra, kt\u00f3rego rozstrzygni\u0119cie nast\u0105pi\u0142o pocz\u0105tkiem wrze\u015bnia. Nagrody za udzia\u0142 w imieniu organizator\u00f3w&#8230;<\/p>\n","protected":false},"author":2,"featured_media":17563,"comment_status":"open","ping_status":"open","sticky":false,"template":"","format":"standard","meta":{"inline_featured_image":false,"ngg_post_thumbnail":0,"footnotes":""},"categories":[29],"tags":[],"class_list":["post-17558","post","type-post","status-publish","format-standard","has-post-thumbnail","hentry","category-aktualnosci"],"_links":{"self":[{"href":"https:\/\/zsp12.gliwice.pl\/sp15\/wp-json\/wp\/v2\/posts\/17558"}],"collection":[{"href":"https:\/\/zsp12.gliwice.pl\/sp15\/wp-json\/wp\/v2\/posts"}],"about":[{"href":"https:\/\/zsp12.gliwice.pl\/sp15\/wp-json\/wp\/v2\/types\/post"}],"author":[{"embeddable":true,"href":"https:\/\/zsp12.gliwice.pl\/sp15\/wp-json\/wp\/v2\/users\/2"}],"replies":[{"embeddable":true,"href":"https:\/\/zsp12.gliwice.pl\/sp15\/wp-json\/wp\/v2\/comments?post=17558"}],"version-history":[{"count":1,"href":"https:\/\/zsp12.gliwice.pl\/sp15\/wp-json\/wp\/v2\/posts\/17558\/revisions"}],"predecessor-version":[{"id":17564,"href":"https:\/\/zsp12.gliwice.pl\/sp15\/wp-json\/wp\/v2\/posts\/17558\/revisions\/17564"}],"wp:featuredmedia":[{"embeddable":true,"href":"https:\/\/zsp12.gliwice.pl\/sp15\/wp-json\/wp\/v2\/media\/17563"}],"wp:attachment":[{"href":"https:\/\/zsp12.gliwice.pl\/sp15\/wp-json\/wp\/v2\/media?parent=17558"}],"wp:term":[{"taxonomy":"category","embeddable":true,"href":"https:\/\/zsp12.gliwice.pl\/sp15\/wp-json\/wp\/v2\/categories?post=17558"},{"taxonomy":"post_tag","embeddable":true,"href":"https:\/\/zsp12.gliwice.pl\/sp15\/wp-json\/wp\/v2\/tags?post=17558"}],"curies":[{"name":"wp","href":"https:\/\/api.w.org\/{rel}","templated":true}]}}