{"id":16026,"date":"2023-05-04T21:39:46","date_gmt":"2023-05-04T19:39:46","guid":{"rendered":"https:\/\/zsp12.gliwice.pl\/sp15\/?p=16026"},"modified":"2023-06-13T08:22:22","modified_gmt":"2023-06-13T06:22:22","slug":"akademia-majowa","status":"publish","type":"post","link":"https:\/\/zsp12.gliwice.pl\/sp15\/blog\/2023\/05\/04\/akademia-majowa\/","title":{"rendered":"Akademia Majowa"},"content":{"rendered":"<div><em>&nbsp;Z okazji rocznicy uchwalenia Konstytucji 3 Maja uczniowie naszej szko\u0142y wzi\u0119li udzia\u0142 w akademii. Od\u015bpiewali\u015bmy wsp\u00f3lnie pie\u015bni patriotyczne i wys\u0142uchali\u015bmy, co ma do powiedzenia o tym historycznym wydarzeniu &#8211; kr\u00f3l Stanis\u0142aw August Poniatowski, w kt\u00f3rego rol\u0119 wcieli\u0142 si\u0119 Antoni z 4b.&nbsp;<\/em><\/div>\n<div><em>Witaj maj! Trzeci maj!&nbsp;<\/em><\/div>\n<div>&nbsp;<\/div>\n<div style=\"text-align: right\"><em>Aneta Sojka<\/em><\/div>\nngg_shortcode_0_placeholder\n","protected":false},"excerpt":{"rendered":"<p>&nbsp;Z okazji rocznicy uchwalenia Konstytucji 3 Maja uczniowie naszej szko\u0142y wzi\u0119li udzia\u0142 w akademii. Od\u015bpiewali\u015bmy wsp\u00f3lnie pie\u015bni patriotyczne i wys\u0142uchali\u015bmy, co ma do powiedzenia o tym historycznym wydarzeniu &#8211; kr\u00f3l&#8230;<\/p>\n","protected":false},"author":2,"featured_media":16039,"comment_status":"open","ping_status":"open","sticky":false,"template":"","format":"standard","meta":{"inline_featured_image":false,"ngg_post_thumbnail":0,"footnotes":""},"categories":[29],"tags":[],"class_list":["post-16026","post","type-post","status-publish","format-standard","has-post-thumbnail","hentry","category-aktualnosci"],"_links":{"self":[{"href":"https:\/\/zsp12.gliwice.pl\/sp15\/wp-json\/wp\/v2\/posts\/16026"}],"collection":[{"href":"https:\/\/zsp12.gliwice.pl\/sp15\/wp-json\/wp\/v2\/posts"}],"about":[{"href":"https:\/\/zsp12.gliwice.pl\/sp15\/wp-json\/wp\/v2\/types\/post"}],"author":[{"embeddable":true,"href":"https:\/\/zsp12.gliwice.pl\/sp15\/wp-json\/wp\/v2\/users\/2"}],"replies":[{"embeddable":true,"href":"https:\/\/zsp12.gliwice.pl\/sp15\/wp-json\/wp\/v2\/comments?post=16026"}],"version-history":[{"count":2,"href":"https:\/\/zsp12.gliwice.pl\/sp15\/wp-json\/wp\/v2\/posts\/16026\/revisions"}],"predecessor-version":[{"id":16108,"href":"https:\/\/zsp12.gliwice.pl\/sp15\/wp-json\/wp\/v2\/posts\/16026\/revisions\/16108"}],"wp:featuredmedia":[{"embeddable":true,"href":"https:\/\/zsp12.gliwice.pl\/sp15\/wp-json\/wp\/v2\/media\/16039"}],"wp:attachment":[{"href":"https:\/\/zsp12.gliwice.pl\/sp15\/wp-json\/wp\/v2\/media?parent=16026"}],"wp:term":[{"taxonomy":"category","embeddable":true,"href":"https:\/\/zsp12.gliwice.pl\/sp15\/wp-json\/wp\/v2\/categories?post=16026"},{"taxonomy":"post_tag","embeddable":true,"href":"https:\/\/zsp12.gliwice.pl\/sp15\/wp-json\/wp\/v2\/tags?post=16026"}],"curies":[{"name":"wp","href":"https:\/\/api.w.org\/{rel}","templated":true}]}}