{"id":15885,"date":"2023-04-28T07:10:54","date_gmt":"2023-04-28T05:10:54","guid":{"rendered":"https:\/\/zsp12.gliwice.pl\/sp15\/?p=15885"},"modified":"2023-04-28T07:11:05","modified_gmt":"2023-04-28T05:11:05","slug":"wyroznienie-w-miedzyszkolnym-konkursie-historyczno-informatycznym-pt-akcja-zonkile-80-ta-rocznica-wybuchu-powstania-w-getcie-warszawskim","status":"publish","type":"post","link":"https:\/\/zsp12.gliwice.pl\/sp15\/blog\/2023\/04\/28\/wyroznienie-w-miedzyszkolnym-konkursie-historyczno-informatycznym-pt-akcja-zonkile-80-ta-rocznica-wybuchu-powstania-w-getcie-warszawskim\/","title":{"rendered":"Wyr\u00f3\u017cnienie w mi\u0119dzyszkolnym konkursie historyczno-informatycznym pt. \u201eAKCJA \u017bONKILE \u2013 80 \u2013 ta rocznica wybuchu powstania w getcie warszawskim\u201d"},"content":{"rendered":"<p><em>Uczennica klasy 6b, <b>Dominika S.<\/b>&nbsp;otrzyma\u0142a wyr\u00f3\u017cnienie w mi\u0119dzyszkolnym konkursie historyczno-informatycznym pt. \u201eAKCJA \u017bONKILE \u2013 80 \u2013 ta rocznica wybuchu powstania w getcie warszawskim\u201d. Zadanie konkursowe polega\u0142o na przygotowaniu prezentacji multimedialnej o bohaterach powstania w getcie warszawskim i \u201eAkcji \u017conkile\u201d. Gratulacje!<\/em><\/p>\n<p style=\"text-align: right\"><em>Zygmunt Pi\u00f3rkowski<\/em><\/p>\n","protected":false},"excerpt":{"rendered":"<p>Uczennica klasy 6b, Dominika S.&nbsp;otrzyma\u0142a wyr\u00f3\u017cnienie w mi\u0119dzyszkolnym konkursie historyczno-informatycznym pt. \u201eAKCJA \u017bONKILE \u2013 80 \u2013 ta rocznica wybuchu powstania w getcie warszawskim\u201d. Zadanie konkursowe polega\u0142o na przygotowaniu prezentacji multimedialnej&#8230;<\/p>\n","protected":false},"author":2,"featured_media":15886,"comment_status":"open","ping_status":"open","sticky":false,"template":"","format":"standard","meta":{"inline_featured_image":false,"ngg_post_thumbnail":0,"footnotes":""},"categories":[29],"tags":[],"class_list":["post-15885","post","type-post","status-publish","format-standard","has-post-thumbnail","hentry","category-aktualnosci"],"_links":{"self":[{"href":"https:\/\/zsp12.gliwice.pl\/sp15\/wp-json\/wp\/v2\/posts\/15885"}],"collection":[{"href":"https:\/\/zsp12.gliwice.pl\/sp15\/wp-json\/wp\/v2\/posts"}],"about":[{"href":"https:\/\/zsp12.gliwice.pl\/sp15\/wp-json\/wp\/v2\/types\/post"}],"author":[{"embeddable":true,"href":"https:\/\/zsp12.gliwice.pl\/sp15\/wp-json\/wp\/v2\/users\/2"}],"replies":[{"embeddable":true,"href":"https:\/\/zsp12.gliwice.pl\/sp15\/wp-json\/wp\/v2\/comments?post=15885"}],"version-history":[{"count":1,"href":"https:\/\/zsp12.gliwice.pl\/sp15\/wp-json\/wp\/v2\/posts\/15885\/revisions"}],"predecessor-version":[{"id":15887,"href":"https:\/\/zsp12.gliwice.pl\/sp15\/wp-json\/wp\/v2\/posts\/15885\/revisions\/15887"}],"wp:featuredmedia":[{"embeddable":true,"href":"https:\/\/zsp12.gliwice.pl\/sp15\/wp-json\/wp\/v2\/media\/15886"}],"wp:attachment":[{"href":"https:\/\/zsp12.gliwice.pl\/sp15\/wp-json\/wp\/v2\/media?parent=15885"}],"wp:term":[{"taxonomy":"category","embeddable":true,"href":"https:\/\/zsp12.gliwice.pl\/sp15\/wp-json\/wp\/v2\/categories?post=15885"},{"taxonomy":"post_tag","embeddable":true,"href":"https:\/\/zsp12.gliwice.pl\/sp15\/wp-json\/wp\/v2\/tags?post=15885"}],"curies":[{"name":"wp","href":"https:\/\/api.w.org\/{rel}","templated":true}]}}