{"id":15862,"date":"2023-04-26T18:47:12","date_gmt":"2023-04-26T16:47:12","guid":{"rendered":"https:\/\/zsp12.gliwice.pl\/sp15\/?p=15862"},"modified":"2023-06-13T08:31:31","modified_gmt":"2023-06-13T06:31:31","slug":"olimpusek-sesja-zimowa","status":"publish","type":"post","link":"https:\/\/zsp12.gliwice.pl\/sp15\/blog\/2023\/04\/26\/olimpusek-sesja-zimowa\/","title":{"rendered":"Olimpusek &#8211; sesja zimowa"},"content":{"rendered":"<div><em>25 kwietnia zosta\u0142y wr\u0119czone dyplomy i drobne upominki za udzia\u0142 w og\u00f3lnopolskim konkursie ,,Olimpisek&#8221;-sesja zimowa. W\u015br\u00f3d wielu uczestnik\u00f3w ucze\u0144 naszej szko\u0142y Dawid S. z klasy 1a zaj\u0105\u0142 III miejsce zdobywaj\u0105c tytu\u0142 Laureata. Wszystkim nagrodzonym gratulujemy i \u017cyczymy dalszych sukces\u00f3w.&nbsp;<img loading=\"lazy\" decoding=\"async\" class=\"an1\" src=\"https:\/\/fonts.gstatic.com\/s\/e\/notoemoji\/15.0\/1f642\/72.png\" alt=\"\ud83d\ude42\" data-emoji=\"\ud83d\ude42\" aria-label=\"\ud83d\ude42\" width=\"20\" height=\"20\"><img loading=\"lazy\" decoding=\"async\" class=\"an1\" src=\"https:\/\/fonts.gstatic.com\/s\/e\/notoemoji\/15.0\/1f44f\/72.png\" alt=\"\ud83d\udc4f\" data-emoji=\"\ud83d\udc4f\" aria-label=\"\ud83d\udc4f\" width=\"21\" height=\"21\"><\/em><\/div>\n<div>&nbsp;<\/div>\n<div style=\"text-align: right\"><em>Anita Henkel<\/em><\/div>\n<div>ngg_shortcode_0_placeholder<\/div>\n","protected":false},"excerpt":{"rendered":"<p>25 kwietnia zosta\u0142y wr\u0119czone dyplomy i drobne upominki za udzia\u0142 w og\u00f3lnopolskim konkursie ,,Olimpisek&#8221;-sesja zimowa. W\u015br\u00f3d wielu uczestnik\u00f3w ucze\u0144 naszej szko\u0142y Dawid S. z klasy 1a zaj\u0105\u0142 III miejsce zdobywaj\u0105c&#8230;<\/p>\n","protected":false},"author":2,"featured_media":15875,"comment_status":"open","ping_status":"open","sticky":false,"template":"","format":"standard","meta":{"inline_featured_image":false,"ngg_post_thumbnail":0,"footnotes":""},"categories":[36,15],"tags":[],"class_list":["post-15862","post","type-post","status-publish","format-standard","has-post-thumbnail","hentry","category-archiwum","category-bez-kategorii-en"],"_links":{"self":[{"href":"https:\/\/zsp12.gliwice.pl\/sp15\/wp-json\/wp\/v2\/posts\/15862"}],"collection":[{"href":"https:\/\/zsp12.gliwice.pl\/sp15\/wp-json\/wp\/v2\/posts"}],"about":[{"href":"https:\/\/zsp12.gliwice.pl\/sp15\/wp-json\/wp\/v2\/types\/post"}],"author":[{"embeddable":true,"href":"https:\/\/zsp12.gliwice.pl\/sp15\/wp-json\/wp\/v2\/users\/2"}],"replies":[{"embeddable":true,"href":"https:\/\/zsp12.gliwice.pl\/sp15\/wp-json\/wp\/v2\/comments?post=15862"}],"version-history":[{"count":2,"href":"https:\/\/zsp12.gliwice.pl\/sp15\/wp-json\/wp\/v2\/posts\/15862\/revisions"}],"predecessor-version":[{"id":16711,"href":"https:\/\/zsp12.gliwice.pl\/sp15\/wp-json\/wp\/v2\/posts\/15862\/revisions\/16711"}],"wp:featuredmedia":[{"embeddable":true,"href":"https:\/\/zsp12.gliwice.pl\/sp15\/wp-json\/wp\/v2\/media\/15875"}],"wp:attachment":[{"href":"https:\/\/zsp12.gliwice.pl\/sp15\/wp-json\/wp\/v2\/media?parent=15862"}],"wp:term":[{"taxonomy":"category","embeddable":true,"href":"https:\/\/zsp12.gliwice.pl\/sp15\/wp-json\/wp\/v2\/categories?post=15862"},{"taxonomy":"post_tag","embeddable":true,"href":"https:\/\/zsp12.gliwice.pl\/sp15\/wp-json\/wp\/v2\/tags?post=15862"}],"curies":[{"name":"wp","href":"https:\/\/api.w.org\/{rel}","templated":true}]}}