{"id":15684,"date":"2023-04-03T18:35:38","date_gmt":"2023-04-03T16:35:38","guid":{"rendered":"https:\/\/zsp12.gliwice.pl\/sp15\/?p=15684"},"modified":"2023-06-13T09:45:21","modified_gmt":"2023-06-13T07:45:21","slug":"szkolny-konkurs-plastyczny-pt-jezyk-francuski-na-swiecie","status":"publish","type":"post","link":"https:\/\/zsp12.gliwice.pl\/sp15\/blog\/2023\/04\/03\/szkolny-konkurs-plastyczny-pt-jezyk-francuski-na-swiecie\/","title":{"rendered":"Szkolny konkurs plastyczny pt:. &#8220;J\u0119zyk francuski na \u015bwiecie&#8221;"},"content":{"rendered":"<div dir=\"auto\"><em>30 marca zosta\u0142 rozstrzygni\u0119ty szkolny konkurs plastyczny pt:. &#8220;J\u0119zyk francuski na \u015bwiecie&#8221;, kt\u00f3rego celem by\u0142o przybli\u017cenie kultury kraj\u00f3w francuskoj\u0119zycznych.<\/em><\/div>\n<div dir=\"auto\"><em>G\u0142\u00f3wne nagrody trafi\u0142y do uczennic klasy 3a.<\/em><\/div>\n<div dir=\"auto\"><em>Nagrodzone prace przedstawia\u0142y kraje takie jak : Szwajcaria, Algieria i Kanada.<\/em><\/div>\n<div dir=\"auto\"><em>Gratulujemy! Merci beaucoup!<\/em><\/div>\n<div dir=\"auto\" style=\"text-align: right\"><em>Bo\u017cena Augustyniak<\/em><\/div>\n<div dir=\"auto\">ngg_shortcode_0_placeholder<\/div>\n","protected":false},"excerpt":{"rendered":"<p>30 marca zosta\u0142 rozstrzygni\u0119ty szkolny konkurs plastyczny pt:. &#8220;J\u0119zyk francuski na \u015bwiecie&#8221;, kt\u00f3rego celem by\u0142o przybli\u017cenie kultury kraj\u00f3w francuskoj\u0119zycznych. G\u0142\u00f3wne nagrody trafi\u0142y do uczennic klasy 3a. Nagrodzone prace przedstawia\u0142y kraje&#8230;<\/p>\n","protected":false},"author":2,"featured_media":15687,"comment_status":"open","ping_status":"open","sticky":false,"template":"","format":"standard","meta":{"inline_featured_image":false,"ngg_post_thumbnail":0,"footnotes":""},"categories":[36],"tags":[],"class_list":["post-15684","post","type-post","status-publish","format-standard","has-post-thumbnail","hentry","category-archiwum"],"_links":{"self":[{"href":"https:\/\/zsp12.gliwice.pl\/sp15\/wp-json\/wp\/v2\/posts\/15684"}],"collection":[{"href":"https:\/\/zsp12.gliwice.pl\/sp15\/wp-json\/wp\/v2\/posts"}],"about":[{"href":"https:\/\/zsp12.gliwice.pl\/sp15\/wp-json\/wp\/v2\/types\/post"}],"author":[{"embeddable":true,"href":"https:\/\/zsp12.gliwice.pl\/sp15\/wp-json\/wp\/v2\/users\/2"}],"replies":[{"embeddable":true,"href":"https:\/\/zsp12.gliwice.pl\/sp15\/wp-json\/wp\/v2\/comments?post=15684"}],"version-history":[{"count":1,"href":"https:\/\/zsp12.gliwice.pl\/sp15\/wp-json\/wp\/v2\/posts\/15684\/revisions"}],"predecessor-version":[{"id":15688,"href":"https:\/\/zsp12.gliwice.pl\/sp15\/wp-json\/wp\/v2\/posts\/15684\/revisions\/15688"}],"wp:featuredmedia":[{"embeddable":true,"href":"https:\/\/zsp12.gliwice.pl\/sp15\/wp-json\/wp\/v2\/media\/15687"}],"wp:attachment":[{"href":"https:\/\/zsp12.gliwice.pl\/sp15\/wp-json\/wp\/v2\/media?parent=15684"}],"wp:term":[{"taxonomy":"category","embeddable":true,"href":"https:\/\/zsp12.gliwice.pl\/sp15\/wp-json\/wp\/v2\/categories?post=15684"},{"taxonomy":"post_tag","embeddable":true,"href":"https:\/\/zsp12.gliwice.pl\/sp15\/wp-json\/wp\/v2\/tags?post=15684"}],"curies":[{"name":"wp","href":"https:\/\/api.w.org\/{rel}","templated":true}]}}