{"id":13243,"date":"2022-07-06T09:27:03","date_gmt":"2022-07-06T07:27:03","guid":{"rendered":"https:\/\/zsp12.gliwice.pl\/sp15\/?p=13243"},"modified":"2023-06-13T08:24:22","modified_gmt":"2023-06-13T06:24:22","slug":"polkolonie-letnie-2022-dzien-viii-6-07-2022-r","status":"publish","type":"post","link":"https:\/\/zsp12.gliwice.pl\/sp15\/blog\/2022\/07\/06\/polkolonie-letnie-2022-dzien-viii-6-07-2022-r\/","title":{"rendered":"P\u00d3\u0141KOLONIE LETNIE 2022 \u2013 DZIE\u0143 VIII 6.07.2022 r."},"content":{"rendered":"<p style=\"text-align: center\"><em><strong>P\u00d3\u0141KOLONIE LETNIE 2022<\/strong><\/em><\/p>\n<p style=\"text-align: center\"><em><strong>DOFINANSOWANO ZE \u015aRODK\u00d3W PROGRAMU INTEGRACJI SPO\u0141ECZNEJ I OBYWATELSKIEJ ROM\u00d3W W POLSCE NA LATA 2021 \u2013 2030<\/strong><\/em><\/p>\n<p style=\"text-align: center\"><em><strong>DZIE\u0143 VIII 06.07.2022 r.<\/strong><\/em><\/p>\n<p style=\"text-align: center\"><em>&nbsp;Dzisiejszy dzie\u0144 sp\u0119dzili\u015bmy r\u00f3wnie\u017c nad wod\u0105, tym razem by\u0142 to O\u015brodek Wypoczynkowy w Czechowicach. Prawd\u0105 jest, \u017ce akurat ta wycieczka mia\u0142a by\u0107 zwie\u0144czeniem naszych p\u00f3\u0142kolonii, ale ze wzgl\u0119du na zapowiadan\u0105 pogod\u0119 na pi\u0105tek, zamienili\u015bmy wycieczki. Wystarczy ju\u017c nam deszczu nad wod\u0105, ha, ha. \u015aroda te\u017c nie nale\u017ca\u0142a z pocz\u0105tku do dni upalnych, ale przynajmniej nie pada\u0142o. Aktywnie sp\u0119dzili\u015bmy czas na placu zabaw, spacerach wok\u00f3\u0142 jeziora, brali\u015bmy udzia\u0142 w r\u00f3\u017cnych konkursach, np.: karaoke, sportowych czy plastycznych, tworz\u0105c obrazy na piasku. Dzi\u015b zn\u00f3w zjedli\u015bmy pieczon\u0105 kie\u0142bas\u0119, ale tym razem nie na grillu tylko nad ogniskiem. Zadowoleni wr\u00f3cili\u015bmy do szko\u0142y i z niecierpliwo\u015bci\u0105 oczekujemy na kolejny dzie\u0144, bo b\u0119dzie si\u0119 dzia\u0142o!!!!<\/em><\/p>\n<p style=\"text-align: right\"><em>Magdalena Kwiatkowska<\/em><\/p>\nngg_shortcode_0_placeholder\n","protected":false},"excerpt":{"rendered":"<p>P\u00d3\u0141KOLONIE LETNIE 2022 DOFINANSOWANO ZE \u015aRODK\u00d3W PROGRAMU INTEGRACJI SPO\u0141ECZNEJ I OBYWATELSKIEJ ROM\u00d3W W POLSCE NA LATA 2021 \u2013 2030 DZIE\u0143 VIII 06.07.2022 r. &nbsp;Dzisiejszy dzie\u0144 sp\u0119dzili\u015bmy r\u00f3wnie\u017c nad wod\u0105, tym&#8230;<\/p>\n","protected":false},"author":2,"featured_media":13285,"comment_status":"open","ping_status":"open","sticky":false,"template":"","format":"standard","meta":{"inline_featured_image":false,"ngg_post_thumbnail":0,"footnotes":""},"categories":[29,36],"tags":[],"class_list":["post-13243","post","type-post","status-publish","format-standard","has-post-thumbnail","hentry","category-aktualnosci","category-archiwum"],"_links":{"self":[{"href":"https:\/\/zsp12.gliwice.pl\/sp15\/wp-json\/wp\/v2\/posts\/13243"}],"collection":[{"href":"https:\/\/zsp12.gliwice.pl\/sp15\/wp-json\/wp\/v2\/posts"}],"about":[{"href":"https:\/\/zsp12.gliwice.pl\/sp15\/wp-json\/wp\/v2\/types\/post"}],"author":[{"embeddable":true,"href":"https:\/\/zsp12.gliwice.pl\/sp15\/wp-json\/wp\/v2\/users\/2"}],"replies":[{"embeddable":true,"href":"https:\/\/zsp12.gliwice.pl\/sp15\/wp-json\/wp\/v2\/comments?post=13243"}],"version-history":[{"count":1,"href":"https:\/\/zsp12.gliwice.pl\/sp15\/wp-json\/wp\/v2\/posts\/13243\/revisions"}],"predecessor-version":[{"id":13286,"href":"https:\/\/zsp12.gliwice.pl\/sp15\/wp-json\/wp\/v2\/posts\/13243\/revisions\/13286"}],"wp:featuredmedia":[{"embeddable":true,"href":"https:\/\/zsp12.gliwice.pl\/sp15\/wp-json\/wp\/v2\/media\/13285"}],"wp:attachment":[{"href":"https:\/\/zsp12.gliwice.pl\/sp15\/wp-json\/wp\/v2\/media?parent=13243"}],"wp:term":[{"taxonomy":"category","embeddable":true,"href":"https:\/\/zsp12.gliwice.pl\/sp15\/wp-json\/wp\/v2\/categories?post=13243"},{"taxonomy":"post_tag","embeddable":true,"href":"https:\/\/zsp12.gliwice.pl\/sp15\/wp-json\/wp\/v2\/tags?post=13243"}],"curies":[{"name":"wp","href":"https:\/\/api.w.org\/{rel}","templated":true}]}}