{"id":13192,"date":"2022-07-05T09:16:11","date_gmt":"2022-07-05T07:16:11","guid":{"rendered":"https:\/\/zsp12.gliwice.pl\/sp15\/?p=13192"},"modified":"2023-06-13T08:24:22","modified_gmt":"2023-06-13T06:24:22","slug":"polkolonie-letnie-2022-dzien-vii-5-07-2022-r","status":"publish","type":"post","link":"https:\/\/zsp12.gliwice.pl\/sp15\/blog\/2022\/07\/05\/polkolonie-letnie-2022-dzien-vii-5-07-2022-r\/","title":{"rendered":"P\u00d3\u0141KOLONIE LETNIE 2022 \u2013 DZIE\u0143 VII 5.07.2022 r."},"content":{"rendered":"<p style=\"text-align: center\"><em><strong>P\u00d3\u0141KOLONIE LETNIE 2022<\/strong><\/em><\/p>\n<p style=\"text-align: center\"><em><strong>DOFINANSOWANO ZE \u015aRODK\u00d3W PROGRAMU INTEGRACJI SPO\u0141ECZNEJ I OBYWATELSKIEJ ROM\u00d3W W POLSCE NA LATA 2021 \u2013 2030<\/strong><\/em><\/p>\n<p style=\"text-align: center\"><em><strong>DZIE\u0143 VII 05.07.2022 r.<\/strong><\/em><\/p>\n<p style=\"text-align: center\"><em>&nbsp;Dzie\u0144 si\u00f3dmy, okaza\u0142 si\u0119 dniem zesz\u0142oroczn\u0105 powt\u00f3rk\u0105. Dzieci stwierdzi\u0142y, \u017ce to ju\u017c b\u0119dzie nasza tradycja \u2013 jezioro Paprocany = burza i deszcze. Jednak\u017ce wszyscy byli\u015bmy zadowoleni. Brali\u015bmy udzia\u0142 w r\u00f3\u017cnych konkursach, a najlepsi otrzymaj\u0105 nagrody. Najwi\u0119ksz\u0105 frajd\u0119 sprawi\u0142o nam karmienie rodziny kaczek, kt\u00f3re wcale nas si\u0119 nie ba\u0142y. Zwie\u0144czeniem dnia by\u0142a przepyszna kie\u0142baska z grilla, kt\u00f3ry w ko\u0144cu po godzinie uda\u0142o si\u0119 w ko\u0144cu rozpali\u0107.<\/em><\/p>\n<p style=\"text-align: center\"><em>Na pro\u015bb\u0119 dzieci w przysz\u0142ym roku powt\u00f3rzymy wycieczk\u0119, aby sprawdzi\u0107 czy zn\u00f3w b\u0119dzie pada\u0107 i grzmie\u0107.<\/em><\/p>\n<p style=\"text-align: center\"><em>Ale, przed nami kolejny dzie\u0144 i na pewno przyniesie co\u015b ciekawego\u2026.<\/em><\/p>\n<p style=\"text-align: right\"><em>Magdalena Kwiatkowska<\/em><\/p>\nngg_shortcode_0_placeholder\n","protected":false},"excerpt":{"rendered":"<p>P\u00d3\u0141KOLONIE LETNIE 2022 DOFINANSOWANO ZE \u015aRODK\u00d3W PROGRAMU INTEGRACJI SPO\u0141ECZNEJ I OBYWATELSKIEJ ROM\u00d3W W POLSCE NA LATA 2021 \u2013 2030 DZIE\u0143 VII 05.07.2022 r. &nbsp;Dzie\u0144 si\u00f3dmy, okaza\u0142 si\u0119 dniem zesz\u0142oroczn\u0105 powt\u00f3rk\u0105&#8230;.<\/p>\n","protected":false},"author":2,"featured_media":13241,"comment_status":"open","ping_status":"open","sticky":false,"template":"","format":"standard","meta":{"inline_featured_image":false,"ngg_post_thumbnail":0,"footnotes":""},"categories":[29,36],"tags":[],"class_list":["post-13192","post","type-post","status-publish","format-standard","has-post-thumbnail","hentry","category-aktualnosci","category-archiwum"],"_links":{"self":[{"href":"https:\/\/zsp12.gliwice.pl\/sp15\/wp-json\/wp\/v2\/posts\/13192"}],"collection":[{"href":"https:\/\/zsp12.gliwice.pl\/sp15\/wp-json\/wp\/v2\/posts"}],"about":[{"href":"https:\/\/zsp12.gliwice.pl\/sp15\/wp-json\/wp\/v2\/types\/post"}],"author":[{"embeddable":true,"href":"https:\/\/zsp12.gliwice.pl\/sp15\/wp-json\/wp\/v2\/users\/2"}],"replies":[{"embeddable":true,"href":"https:\/\/zsp12.gliwice.pl\/sp15\/wp-json\/wp\/v2\/comments?post=13192"}],"version-history":[{"count":1,"href":"https:\/\/zsp12.gliwice.pl\/sp15\/wp-json\/wp\/v2\/posts\/13192\/revisions"}],"predecessor-version":[{"id":13240,"href":"https:\/\/zsp12.gliwice.pl\/sp15\/wp-json\/wp\/v2\/posts\/13192\/revisions\/13240"}],"wp:featuredmedia":[{"embeddable":true,"href":"https:\/\/zsp12.gliwice.pl\/sp15\/wp-json\/wp\/v2\/media\/13241"}],"wp:attachment":[{"href":"https:\/\/zsp12.gliwice.pl\/sp15\/wp-json\/wp\/v2\/media?parent=13192"}],"wp:term":[{"taxonomy":"category","embeddable":true,"href":"https:\/\/zsp12.gliwice.pl\/sp15\/wp-json\/wp\/v2\/categories?post=13192"},{"taxonomy":"post_tag","embeddable":true,"href":"https:\/\/zsp12.gliwice.pl\/sp15\/wp-json\/wp\/v2\/tags?post=13192"}],"curies":[{"name":"wp","href":"https:\/\/api.w.org\/{rel}","templated":true}]}}