{"id":13098,"date":"2022-07-04T09:04:54","date_gmt":"2022-07-04T07:04:54","guid":{"rendered":"https:\/\/zsp12.gliwice.pl\/sp15\/?p=13098"},"modified":"2023-06-13T08:25:25","modified_gmt":"2023-06-13T06:25:25","slug":"polkolonie-letnie-2022-dzien-vi-4-07-2022-r","status":"publish","type":"post","link":"https:\/\/zsp12.gliwice.pl\/sp15\/blog\/2022\/07\/04\/polkolonie-letnie-2022-dzien-vi-4-07-2022-r\/","title":{"rendered":"P\u00d3\u0141KOLONIE LETNIE 2022 \u2013 DZIE\u0143 VI 4.07.2022 r."},"content":{"rendered":"<p style=\"text-align: center\"><em><strong>P\u00d3\u0141KOLONIE LETNIE 2022<\/strong><\/em><\/p>\n<p style=\"text-align: center\"><em><strong>DOFINANSOWANO ZE \u015aRODK\u00d3W PROGRAMU INTEGRACJI SPO\u0141ECZNEJ I OBYWATELSKIEJ ROM\u00d3W W POLSCE NA LATA 2021 \u2013 2030<\/strong><\/em><\/p>\n<p style=\"text-align: center\"><em><strong>DZIE\u0143 VI 04.07.2022 r.<\/strong><\/em><\/p>\n<p style=\"text-align: center\"><em>&nbsp;Dzie\u0144 sz\u00f3sty, czyli pierwszy dzie\u0144 drugiego tygodnia naszych p\u00f3\u0142kolonii, sp\u0119dzili\u015bmy na wycieczce do Parku Przyg\u00f3d i Atrakcji Alele w Zbros\u0142awicach Wilkowicach. Zacz\u0119li\u015bmy od dwugodzinnego korzystania z oferowanych atrakcji. Odwiedzili\u015bmy tzw. du\u017ce zwierz\u0119ta takiej jak wielb\u0142\u0105dy, sarny, jelenie, lamy i inne oraz ma\u0142e zoo z ma\u0142ymi, milutkimi zwierz\u0105tkami. Korzystali\u015bmy ze wszystkich dost\u0119pnych atrakcji w ramach wst\u0119pu. Ponadto ka\u017cda z grup sp\u0119dzi\u0142a czas na Parku Linowym oraz w sali zabaw. Kilka grup skorzysta\u0142o z og\u00f3lnodost\u0119pnych trampolin, \u015bwietnie si\u0119 przy tym bawi\u0105c. Zjedli\u015bmy przepyszny posi\u0142ek sk\u0142adaj\u0105cy si\u0119 z frytek oraz nuggets\u00f3w. Ka\u017cdy uczestnik dzisiejszej wycieczki dodatkowo na deser otrzyma\u0142 loda Lipoton Tea oraz butelk\u0119 wody mineralnej Kropl\u0119 Beskidu. Po tych wszystkich atrakcjach wr\u00f3cili\u015bmy do szko\u0142y.<\/em><\/p>\n<p style=\"text-align: center\"><em>Ale, przed nami kolejny dzie\u0144 i na pewno przyniesie co\u015b ciekawego\u2026.<\/em><\/p>\n<p style=\"text-align: right\"><em>Magdalena Kwiatkowska<\/em><\/p>\nngg_shortcode_0_placeholder\n","protected":false},"excerpt":{"rendered":"<p>P\u00d3\u0141KOLONIE LETNIE 2022 DOFINANSOWANO ZE \u015aRODK\u00d3W PROGRAMU INTEGRACJI SPO\u0141ECZNEJ I OBYWATELSKIEJ ROM\u00d3W W POLSCE NA LATA 2021 \u2013 2030 DZIE\u0143 VI 04.07.2022 r. &nbsp;Dzie\u0144 sz\u00f3sty, czyli pierwszy dzie\u0144 drugiego tygodnia&#8230;<\/p>\n","protected":false},"author":2,"featured_media":13190,"comment_status":"open","ping_status":"open","sticky":false,"template":"","format":"standard","meta":{"inline_featured_image":false,"ngg_post_thumbnail":0,"footnotes":""},"categories":[29,36],"tags":[],"class_list":["post-13098","post","type-post","status-publish","format-standard","has-post-thumbnail","hentry","category-aktualnosci","category-archiwum"],"_links":{"self":[{"href":"https:\/\/zsp12.gliwice.pl\/sp15\/wp-json\/wp\/v2\/posts\/13098"}],"collection":[{"href":"https:\/\/zsp12.gliwice.pl\/sp15\/wp-json\/wp\/v2\/posts"}],"about":[{"href":"https:\/\/zsp12.gliwice.pl\/sp15\/wp-json\/wp\/v2\/types\/post"}],"author":[{"embeddable":true,"href":"https:\/\/zsp12.gliwice.pl\/sp15\/wp-json\/wp\/v2\/users\/2"}],"replies":[{"embeddable":true,"href":"https:\/\/zsp12.gliwice.pl\/sp15\/wp-json\/wp\/v2\/comments?post=13098"}],"version-history":[{"count":1,"href":"https:\/\/zsp12.gliwice.pl\/sp15\/wp-json\/wp\/v2\/posts\/13098\/revisions"}],"predecessor-version":[{"id":13191,"href":"https:\/\/zsp12.gliwice.pl\/sp15\/wp-json\/wp\/v2\/posts\/13098\/revisions\/13191"}],"wp:featuredmedia":[{"embeddable":true,"href":"https:\/\/zsp12.gliwice.pl\/sp15\/wp-json\/wp\/v2\/media\/13190"}],"wp:attachment":[{"href":"https:\/\/zsp12.gliwice.pl\/sp15\/wp-json\/wp\/v2\/media?parent=13098"}],"wp:term":[{"taxonomy":"category","embeddable":true,"href":"https:\/\/zsp12.gliwice.pl\/sp15\/wp-json\/wp\/v2\/categories?post=13098"},{"taxonomy":"post_tag","embeddable":true,"href":"https:\/\/zsp12.gliwice.pl\/sp15\/wp-json\/wp\/v2\/tags?post=13098"}],"curies":[{"name":"wp","href":"https:\/\/api.w.org\/{rel}","templated":true}]}}