{"id":9738,"date":"2022-11-28T20:33:04","date_gmt":"2022-11-28T19:33:04","guid":{"rendered":"https:\/\/zsp12.gliwice.pl\/pm7\/?p=9738"},"modified":"2023-06-13T13:25:49","modified_gmt":"2023-06-13T11:25:49","slug":"dzien-pluszowego-misia-w-pm7-2","status":"publish","type":"post","link":"https:\/\/zsp12.gliwice.pl\/pm7\/blog\/2022\/11\/28\/dzien-pluszowego-misia-w-pm7-2\/","title":{"rendered":"Dzie\u0144 Pluszowego Misia w PM7"},"content":{"rendered":"<div><em>Sto lat, sto lat, niech \u017cyj\u0105, \u017cyj\u0105 nam&#8230; a kto? Pluszowe misie!!! W pi\u0105tek przedszkolaki z PM 7 \u015bwi\u0119towa\u0142y urodziny najlepszego przyjaciela dzieci. Ka\u017cdy przedszkolak przyni\u00f3s\u0142 swojego ukochanego pluszaka. Spotka\u0142y si\u0119 misie ma\u0142e, \u015brednie i du\u017ce, br\u0105zowe, czarne, bia\u0142e, szare, czerwone, a ka\u017cdy by\u0142 kochany, uroczy i wyj\u0105tkowy. Dzieci pozna\u0142y histori\u0119 \u015awi\u0119ta Pluszowego Misia, bawi\u0142y si\u0119 przy &#8220;misiowych&#8221; piosenkach, bra\u0142y udzia\u0142 w zabawach ruchowych oraz wykonywa\u0142y prace plastyczne.<\/em><\/div>\n<div><em>Dzie\u0144 Pluszowego Misia w naszym przedszkolu by\u0142 pe\u0142en u\u015bmiechu i \u015bwietnej zabawy. Dzieci by\u0142y szcz\u0119\u015bliwe, \u017ce mog\u0142y sp\u0119dzi\u0107 tyle czasu ze swoimi ukochanymi misiami oraz pokaza\u0107 je kolegom i kole\u017cankom.<\/em><\/div>\n<div style=\"text-align: right\"><em>Katarzyna Siwiec<\/em><\/div>\n<div>\nngg_shortcode_0_placeholder<\/div>\n","protected":false},"excerpt":{"rendered":"<p>Sto lat, sto lat, niech \u017cyj\u0105, \u017cyj\u0105 nam&#8230; a kto? Pluszowe misie!!! W pi\u0105tek przedszkolaki z PM 7 \u015bwi\u0119towa\u0142y urodziny&#8230;<\/p>\n","protected":false},"author":2,"featured_media":9773,"comment_status":"open","ping_status":"open","sticky":false,"template":"","format":"standard","meta":{"inline_featured_image":false,"ngg_post_thumbnail":0,"footnotes":""},"categories":[33,4],"tags":[],"class_list":["post-9738","post","type-post","status-publish","format-standard","has-post-thumbnail","hentry","category-archiwum-pm7","category-wydarzenia"],"_links":{"self":[{"href":"https:\/\/zsp12.gliwice.pl\/pm7\/wp-json\/wp\/v2\/posts\/9738"}],"collection":[{"href":"https:\/\/zsp12.gliwice.pl\/pm7\/wp-json\/wp\/v2\/posts"}],"about":[{"href":"https:\/\/zsp12.gliwice.pl\/pm7\/wp-json\/wp\/v2\/types\/post"}],"author":[{"embeddable":true,"href":"https:\/\/zsp12.gliwice.pl\/pm7\/wp-json\/wp\/v2\/users\/2"}],"replies":[{"embeddable":true,"href":"https:\/\/zsp12.gliwice.pl\/pm7\/wp-json\/wp\/v2\/comments?post=9738"}],"version-history":[{"count":2,"href":"https:\/\/zsp12.gliwice.pl\/pm7\/wp-json\/wp\/v2\/posts\/9738\/revisions"}],"predecessor-version":[{"id":9774,"href":"https:\/\/zsp12.gliwice.pl\/pm7\/wp-json\/wp\/v2\/posts\/9738\/revisions\/9774"}],"wp:featuredmedia":[{"embeddable":true,"href":"https:\/\/zsp12.gliwice.pl\/pm7\/wp-json\/wp\/v2\/media\/9773"}],"wp:attachment":[{"href":"https:\/\/zsp12.gliwice.pl\/pm7\/wp-json\/wp\/v2\/media?parent=9738"}],"wp:term":[{"taxonomy":"category","embeddable":true,"href":"https:\/\/zsp12.gliwice.pl\/pm7\/wp-json\/wp\/v2\/categories?post=9738"},{"taxonomy":"post_tag","embeddable":true,"href":"https:\/\/zsp12.gliwice.pl\/pm7\/wp-json\/wp\/v2\/tags?post=9738"}],"curies":[{"name":"wp","href":"https:\/\/api.w.org\/{rel}","templated":true}]}}