{"id":9716,"date":"2022-11-22T20:46:37","date_gmt":"2022-11-22T19:46:37","guid":{"rendered":"https:\/\/zsp12.gliwice.pl\/pm7\/?p=9716"},"modified":"2023-06-13T13:25:49","modified_gmt":"2023-06-13T11:25:49","slug":"dzien-ochrony-praw-dziecka-w-pm7","status":"publish","type":"post","link":"https:\/\/zsp12.gliwice.pl\/pm7\/blog\/2022\/11\/22\/dzien-ochrony-praw-dziecka-w-pm7\/","title":{"rendered":"Dzie\u0144 Ochrony Praw Dziecka w PM7"},"content":{"rendered":"<p><em>20 listopada to wyj\u0105tkowy dzie\u0144 \u2013 rocznica uchwalenia Konwencji o prawach dziecka. Jest to moment, w kt\u00f3rym uwaga wszystkich kierowana jest na dzieci i ich prawa. Nasze przedszkolaki obchodzi\u0142y ten dzie\u0144 w pi\u0105tek, 18 listopada. Obejrzeli\u015bmy film edukacyjny \u201eKarolek oraz prawa i obowi\u0105zki dzieci\u201d, w kt\u00f3rym przedstawione zosta\u0142y poszczeg\u00f3lne zapisy Konwencji, wzi\u0119li\u015bmy udzia\u0142 w tematycznych zabawach dydaktycznych, wykonali\u015bmy r\u00f3wnie\u017c plakaty tematyczne. W ramach zabaw plastycznych wykonali\u015bmy relaksuj\u0105cego gniotka. Pami\u0119tamy r\u00f3wnie\u017c o kole\u017cankach i kolegach z Ukrainy, kt\u00f3rzy do\u0142\u0105czyli do naszych grup, wsp\u00f3lnie si\u0119 bawimy i uczymy, jeste\u015bmy jedn\u0105 dru\u017cyn\u0105.<\/em><\/p>\n<p style=\"text-align: right\"><em>Aleksandra Janik<\/em><\/p>\nngg_shortcode_0_placeholder\n","protected":false},"excerpt":{"rendered":"<p>20 listopada to wyj\u0105tkowy dzie\u0144 \u2013 rocznica uchwalenia Konwencji o prawach dziecka. Jest to moment, w kt\u00f3rym uwaga wszystkich kierowana&#8230;<\/p>\n","protected":false},"author":2,"featured_media":9735,"comment_status":"open","ping_status":"open","sticky":false,"template":"","format":"standard","meta":{"inline_featured_image":false,"ngg_post_thumbnail":0,"footnotes":""},"categories":[33,4],"tags":[],"class_list":["post-9716","post","type-post","status-publish","format-standard","has-post-thumbnail","hentry","category-archiwum-pm7","category-wydarzenia"],"_links":{"self":[{"href":"https:\/\/zsp12.gliwice.pl\/pm7\/wp-json\/wp\/v2\/posts\/9716"}],"collection":[{"href":"https:\/\/zsp12.gliwice.pl\/pm7\/wp-json\/wp\/v2\/posts"}],"about":[{"href":"https:\/\/zsp12.gliwice.pl\/pm7\/wp-json\/wp\/v2\/types\/post"}],"author":[{"embeddable":true,"href":"https:\/\/zsp12.gliwice.pl\/pm7\/wp-json\/wp\/v2\/users\/2"}],"replies":[{"embeddable":true,"href":"https:\/\/zsp12.gliwice.pl\/pm7\/wp-json\/wp\/v2\/comments?post=9716"}],"version-history":[{"count":2,"href":"https:\/\/zsp12.gliwice.pl\/pm7\/wp-json\/wp\/v2\/posts\/9716\/revisions"}],"predecessor-version":[{"id":9737,"href":"https:\/\/zsp12.gliwice.pl\/pm7\/wp-json\/wp\/v2\/posts\/9716\/revisions\/9737"}],"wp:featuredmedia":[{"embeddable":true,"href":"https:\/\/zsp12.gliwice.pl\/pm7\/wp-json\/wp\/v2\/media\/9735"}],"wp:attachment":[{"href":"https:\/\/zsp12.gliwice.pl\/pm7\/wp-json\/wp\/v2\/media?parent=9716"}],"wp:term":[{"taxonomy":"category","embeddable":true,"href":"https:\/\/zsp12.gliwice.pl\/pm7\/wp-json\/wp\/v2\/categories?post=9716"},{"taxonomy":"post_tag","embeddable":true,"href":"https:\/\/zsp12.gliwice.pl\/pm7\/wp-json\/wp\/v2\/tags?post=9716"}],"curies":[{"name":"wp","href":"https:\/\/api.w.org\/{rel}","templated":true}]}}