{"id":9695,"date":"2022-11-22T20:41:28","date_gmt":"2022-11-22T19:41:28","guid":{"rendered":"https:\/\/zsp12.gliwice.pl\/pm7\/?p=9695"},"modified":"2023-06-13T13:25:49","modified_gmt":"2023-06-13T11:25:49","slug":"dzien-niepodleglosci-w-pm7-2","status":"publish","type":"post","link":"https:\/\/zsp12.gliwice.pl\/pm7\/blog\/2022\/11\/22\/dzien-niepodleglosci-w-pm7-2\/","title":{"rendered":"Dzie\u0144 Niepodleg\u0142o\u015bci w PM7"},"content":{"rendered":"<p><em>Do obchod\u00f3w Dnia Niepodleg\u0142o\u015bci dzieci przygotowywa\u0142y si\u0119 kilka dni. Pozna\u0142y legend\u0119 o powstaniu Pa\u0144stwa Polskiego, utrwali\u0142y znajomo\u015b\u0107 symboli narodowych, wiedz\u0105 o konieczno\u015bci okazywania im szacunku, pozna\u0142y r\u00f3wnie\u017c poj\u0119cie \u201eniepodleg\u0142o\u015b\u0107\u201d. W ramach prac plastycznych wykona\u0142y flag\u0119 narodow\u0105 oraz god\u0142o. Potrafi\u0105 za\u015bpiewa\u0107 hymn, pami\u0119taj\u0105c o postawie zasadniczej podczas s\u0142uchania i \u015bpiewania Mazurka D\u0105browskiego. Uroczyst\u0105 akademi\u0105 z okazji 104 rocznicy Odzyskania Niepodleg\u0142o\u015bci uczci\u0142y to wa\u017cne wydarzenie.&nbsp;<\/em><\/p>\n<p style=\"text-align: right\"><em>Aleksandra Janik<\/em><\/p>\n<p><iframe loading=\"lazy\" title=\"Dzie\u0144 Niepodleg\u0142o\u015bci w PM7 2022\" width=\"640\" height=\"360\" src=\"https:\/\/www.youtube.com\/embed\/wNC4zZqhsR8?feature=oembed\" frameborder=\"0\" allow=\"accelerometer; autoplay; clipboard-write; encrypted-media; gyroscope; picture-in-picture; web-share\" referrerpolicy=\"strict-origin-when-cross-origin\" allowfullscreen><\/iframe><\/p>\nngg_shortcode_0_placeholder\n","protected":false},"excerpt":{"rendered":"<p>Do obchod\u00f3w Dnia Niepodleg\u0142o\u015bci dzieci przygotowywa\u0142y si\u0119 kilka dni. Pozna\u0142y legend\u0119 o powstaniu Pa\u0144stwa Polskiego, utrwali\u0142y znajomo\u015b\u0107 symboli narodowych, wiedz\u0105&#8230;<\/p>\n","protected":false},"author":2,"featured_media":9713,"comment_status":"open","ping_status":"open","sticky":false,"template":"","format":"standard","meta":{"inline_featured_image":false,"ngg_post_thumbnail":0,"footnotes":""},"categories":[33,4],"tags":[],"class_list":["post-9695","post","type-post","status-publish","format-standard","has-post-thumbnail","hentry","category-archiwum-pm7","category-wydarzenia"],"_links":{"self":[{"href":"https:\/\/zsp12.gliwice.pl\/pm7\/wp-json\/wp\/v2\/posts\/9695"}],"collection":[{"href":"https:\/\/zsp12.gliwice.pl\/pm7\/wp-json\/wp\/v2\/posts"}],"about":[{"href":"https:\/\/zsp12.gliwice.pl\/pm7\/wp-json\/wp\/v2\/types\/post"}],"author":[{"embeddable":true,"href":"https:\/\/zsp12.gliwice.pl\/pm7\/wp-json\/wp\/v2\/users\/2"}],"replies":[{"embeddable":true,"href":"https:\/\/zsp12.gliwice.pl\/pm7\/wp-json\/wp\/v2\/comments?post=9695"}],"version-history":[{"count":2,"href":"https:\/\/zsp12.gliwice.pl\/pm7\/wp-json\/wp\/v2\/posts\/9695\/revisions"}],"predecessor-version":[{"id":9715,"href":"https:\/\/zsp12.gliwice.pl\/pm7\/wp-json\/wp\/v2\/posts\/9695\/revisions\/9715"}],"wp:featuredmedia":[{"embeddable":true,"href":"https:\/\/zsp12.gliwice.pl\/pm7\/wp-json\/wp\/v2\/media\/9713"}],"wp:attachment":[{"href":"https:\/\/zsp12.gliwice.pl\/pm7\/wp-json\/wp\/v2\/media?parent=9695"}],"wp:term":[{"taxonomy":"category","embeddable":true,"href":"https:\/\/zsp12.gliwice.pl\/pm7\/wp-json\/wp\/v2\/categories?post=9695"},{"taxonomy":"post_tag","embeddable":true,"href":"https:\/\/zsp12.gliwice.pl\/pm7\/wp-json\/wp\/v2\/tags?post=9695"}],"curies":[{"name":"wp","href":"https:\/\/api.w.org\/{rel}","templated":true}]}}