{"id":9309,"date":"2022-10-13T18:11:00","date_gmt":"2022-10-13T16:11:00","guid":{"rendered":"https:\/\/zsp12.gliwice.pl\/pm7\/?p=9309"},"modified":"2023-06-13T13:26:25","modified_gmt":"2023-06-13T11:26:25","slug":"odkrywcy-i-zdobywcy-w-bibliotece-szkolnej","status":"publish","type":"post","link":"https:\/\/zsp12.gliwice.pl\/pm7\/blog\/2022\/10\/13\/odkrywcy-i-zdobywcy-w-bibliotece-szkolnej\/","title":{"rendered":"&#8220;Odkrywcy&#8221; i &#8220;Zdobywcy&#8221; w bibliotece szkolnej"},"content":{"rendered":"<p><em>W pa\u017adzierniku pr\u00f3g biblioteki przekroczyli &#8220;Odkrywcy&#8221; i &#8220;Zdobywcy&#8221; w ramach obchod\u00f3w Mi\u0119dzynarodowego Miesi\u0105ca Bibliotek Szkolnych. Dzieci z dw\u00f3ch grup przedszkolnych Miejskiego Przedszkola nr 7 zapozna\u0142y si\u0119 z przygodami Elmera, bohatera ksi\u0105\u017cek D. Knight pod tym samym tytu\u0142em. Na pami\u0105tk\u0119&nbsp;spotkania ka\u017cdy przedszkolak otrzyma\u0142 drobny upominek w postaci kolorowanki.<\/em><\/p>\n<p style=\"text-align: right\"><em>Piotr Biesiada<\/em><\/p>\nngg_shortcode_0_placeholder\n","protected":false},"excerpt":{"rendered":"<p>W pa\u017adzierniku pr\u00f3g biblioteki przekroczyli &#8220;Odkrywcy&#8221; i &#8220;Zdobywcy&#8221; w ramach obchod\u00f3w Mi\u0119dzynarodowego Miesi\u0105ca Bibliotek Szkolnych. Dzieci z dw\u00f3ch grup przedszkolnych&#8230;<\/p>\n","protected":false},"author":2,"featured_media":9324,"comment_status":"open","ping_status":"open","sticky":false,"template":"","format":"standard","meta":{"inline_featured_image":false,"ngg_post_thumbnail":0,"footnotes":""},"categories":[33,4],"tags":[],"class_list":["post-9309","post","type-post","status-publish","format-standard","has-post-thumbnail","hentry","category-archiwum-pm7","category-wydarzenia"],"_links":{"self":[{"href":"https:\/\/zsp12.gliwice.pl\/pm7\/wp-json\/wp\/v2\/posts\/9309"}],"collection":[{"href":"https:\/\/zsp12.gliwice.pl\/pm7\/wp-json\/wp\/v2\/posts"}],"about":[{"href":"https:\/\/zsp12.gliwice.pl\/pm7\/wp-json\/wp\/v2\/types\/post"}],"author":[{"embeddable":true,"href":"https:\/\/zsp12.gliwice.pl\/pm7\/wp-json\/wp\/v2\/users\/2"}],"replies":[{"embeddable":true,"href":"https:\/\/zsp12.gliwice.pl\/pm7\/wp-json\/wp\/v2\/comments?post=9309"}],"version-history":[{"count":1,"href":"https:\/\/zsp12.gliwice.pl\/pm7\/wp-json\/wp\/v2\/posts\/9309\/revisions"}],"predecessor-version":[{"id":9325,"href":"https:\/\/zsp12.gliwice.pl\/pm7\/wp-json\/wp\/v2\/posts\/9309\/revisions\/9325"}],"wp:featuredmedia":[{"embeddable":true,"href":"https:\/\/zsp12.gliwice.pl\/pm7\/wp-json\/wp\/v2\/media\/9324"}],"wp:attachment":[{"href":"https:\/\/zsp12.gliwice.pl\/pm7\/wp-json\/wp\/v2\/media?parent=9309"}],"wp:term":[{"taxonomy":"category","embeddable":true,"href":"https:\/\/zsp12.gliwice.pl\/pm7\/wp-json\/wp\/v2\/categories?post=9309"},{"taxonomy":"post_tag","embeddable":true,"href":"https:\/\/zsp12.gliwice.pl\/pm7\/wp-json\/wp\/v2\/tags?post=9309"}],"curies":[{"name":"wp","href":"https:\/\/api.w.org\/{rel}","templated":true}]}}