{"id":9147,"date":"2022-09-28T18:37:20","date_gmt":"2022-09-28T16:37:20","guid":{"rendered":"https:\/\/zsp12.gliwice.pl\/pm7\/?p=9147"},"modified":"2023-06-13T13:26:26","modified_gmt":"2023-06-13T11:26:26","slug":"pierwszy-dzien-jesieni-w-pm7","status":"publish","type":"post","link":"https:\/\/zsp12.gliwice.pl\/pm7\/blog\/2022\/09\/28\/pierwszy-dzien-jesieni-w-pm7\/","title":{"rendered":"Pierwszy Dzie\u0144 Jesieni w PM7"},"content":{"rendered":"<p><em>W poprzednim tygodniu Pani Jesie\u0144 nie tylko zawita\u0142a w kalendarzu, ale r\u00f3wnie\u017c odwiedzi\u0142a Przedszkole Miejskie nr 7. Przedszkolaki 23&nbsp; wrze\u015bnia wybra\u0142y si\u0119 na spacer w poszukiwaniu dar\u00f3w jesieni. Spacer okaza\u0142 si\u0119 bardzo ciekawym do\u015bwiadczeniem dla dzieci, kt\u00f3re utrwala\u0142y w\u0142a\u015bciwe i bezpieczne zachowanie w czasie spaceru oraz pozna\u0142y wiele ro\u015blin i drzew. Przedszkolaki z uwag\u0105 obserwowa\u0142y pi\u0119kno przyrody, i zmiany, jakie w niej zachodz\u0105 w trakcie poszczeg\u00f3lnych p\u00f3r roku. W przedszkolu natomiast jesie\u0144 zosta\u0142a przywitana piosenk\u0105 i pi\u0119knymi pracami plastycznymi.<\/em><\/p>\n<p style=\"text-align: right\"><em>Aleksandra Janik, Katarzyna Szymanek<\/em><\/p>\nngg_shortcode_0_placeholder\n","protected":false},"excerpt":{"rendered":"<p>W poprzednim tygodniu Pani Jesie\u0144 nie tylko zawita\u0142a w kalendarzu, ale r\u00f3wnie\u017c odwiedzi\u0142a Przedszkole Miejskie nr 7. Przedszkolaki 23&nbsp; wrze\u015bnia&#8230;<\/p>\n","protected":false},"author":2,"featured_media":9186,"comment_status":"open","ping_status":"open","sticky":false,"template":"","format":"standard","meta":{"inline_featured_image":false,"ngg_post_thumbnail":0,"footnotes":""},"categories":[33,4],"tags":[],"class_list":["post-9147","post","type-post","status-publish","format-standard","has-post-thumbnail","hentry","category-archiwum-pm7","category-wydarzenia"],"_links":{"self":[{"href":"https:\/\/zsp12.gliwice.pl\/pm7\/wp-json\/wp\/v2\/posts\/9147"}],"collection":[{"href":"https:\/\/zsp12.gliwice.pl\/pm7\/wp-json\/wp\/v2\/posts"}],"about":[{"href":"https:\/\/zsp12.gliwice.pl\/pm7\/wp-json\/wp\/v2\/types\/post"}],"author":[{"embeddable":true,"href":"https:\/\/zsp12.gliwice.pl\/pm7\/wp-json\/wp\/v2\/users\/2"}],"replies":[{"embeddable":true,"href":"https:\/\/zsp12.gliwice.pl\/pm7\/wp-json\/wp\/v2\/comments?post=9147"}],"version-history":[{"count":1,"href":"https:\/\/zsp12.gliwice.pl\/pm7\/wp-json\/wp\/v2\/posts\/9147\/revisions"}],"predecessor-version":[{"id":9187,"href":"https:\/\/zsp12.gliwice.pl\/pm7\/wp-json\/wp\/v2\/posts\/9147\/revisions\/9187"}],"wp:featuredmedia":[{"embeddable":true,"href":"https:\/\/zsp12.gliwice.pl\/pm7\/wp-json\/wp\/v2\/media\/9186"}],"wp:attachment":[{"href":"https:\/\/zsp12.gliwice.pl\/pm7\/wp-json\/wp\/v2\/media?parent=9147"}],"wp:term":[{"taxonomy":"category","embeddable":true,"href":"https:\/\/zsp12.gliwice.pl\/pm7\/wp-json\/wp\/v2\/categories?post=9147"},{"taxonomy":"post_tag","embeddable":true,"href":"https:\/\/zsp12.gliwice.pl\/pm7\/wp-json\/wp\/v2\/tags?post=9147"}],"curies":[{"name":"wp","href":"https:\/\/api.w.org\/{rel}","templated":true}]}}