{"id":8841,"date":"2022-09-11T20:54:00","date_gmt":"2022-09-11T18:54:00","guid":{"rendered":"https:\/\/zsp12.gliwice.pl\/pm7\/?p=8841"},"modified":"2023-06-13T13:26:27","modified_gmt":"2023-06-13T11:26:27","slug":"nowy-rok-szkolny-rozpoczety-na-ul-tarnogorskiej","status":"publish","type":"post","link":"https:\/\/zsp12.gliwice.pl\/pm7\/blog\/2022\/09\/11\/nowy-rok-szkolny-rozpoczety-na-ul-tarnogorskiej\/","title":{"rendered":"Nowy rok szkolny rozpocz\u0119ty na ul. Tarnog\u00f3rskiej"},"content":{"rendered":"<p style=\"font-weight: 400\"><em>1 wrze\u015bnia rozpocz\u0105\u0142 si\u0119 kolejny rok szkolny w Naszym Przedszkolu. Tego dnia ponownie u\u015bmiech dzieci zago\u015bci\u0142 w budynku przy ulicy Tarnog\u00f3rskiej.&nbsp;<br \/>\n<\/em><em>Grupy \u201eBystrzak\u00f3w\u201d i \u201ePodr\u00f3\u017cnik\u00f3w\u201d przywita\u0142y nowe przedszkole. Ju\u017c pierwszego dnia odwiedzi\u0142a nas maskotka GKS \u201ePiast\u201d, przyjazny \u201ePiastu\u015b\u201d.<br \/>\n<\/em><em>By\u0142 czas na wsp\u00f3lne zabawy, okrzyki kibic\u00f3w, ka\u017cdy otrzyma\u0142 gad\u017cet kibica i zaproszenie do aktywnego kibicowania lokalnej dru\u017cynie na stadionie przy ulicy Okrzei.<br \/>\nP<\/em><em>rzez kolejne dni poznawali\u015bmy si\u0119 wzajemnie, znamy imiona koleg\u00f3w i pracownik\u00f3w przedszkola, uk\u0142ad pomieszcze\u0144 i przedszkolny ogr\u00f3d.&nbsp;<\/em><em>Znamy r\u00f3wnie\u017c zasady bezpiecznych zabaw i zapisy wsp\u00f3lnego kodeksu zachowa\u0144 w przedszkolu.<br \/>\n<\/em><em>Grupa \u201ePodr\u00f3\u017cnik\u00f3w\u201d pozna\u0142a poj\u0119cie autoportret, dzieci dok\u0142adnie odwzorowywa\u0142y swoje oblicze. Poznali\u015bmy r\u00f3wnie\u017c podstawowe figury geometryczne, uk\u0142adamy rytmy, rysujemy po \u015bladzie. Farbami malowali\u015bmy plamy, z kt\u00f3rych kolejnego dnia stworzyli\u015bmy w\u0142asne kompozycje. Pracowali\u015bmy r\u00f3wnie\u017c no\u017cyczkami, bezpiecznie wycinali\u015bmy &nbsp;z kolorowego papieru dowolne formy tworz\u0105c krajobrazy. Dokonujemy analizy i syntezy sylabowej, \u015bpiewamy piosenk\u0119 \u201ePrzedszkolaki to my\u201d.<br \/>\n<\/em><em>Pani poznaje nasze mo\u017cliwo\u015bci i umiej\u0119tno\u015bci. <\/em><em>To b\u0119dzie dobry rok, \u017cyczymy powodzenia wszystkim przedszkolakom.&nbsp;<\/em><\/p>\n<p style=\"text-align: right\"><em>Aleksandra Janik<\/em><\/p>\nngg_shortcode_0_placeholder\n","protected":false},"excerpt":{"rendered":"<p>1 wrze\u015bnia rozpocz\u0105\u0142 si\u0119 kolejny rok szkolny w Naszym Przedszkolu. Tego dnia ponownie u\u015bmiech dzieci zago\u015bci\u0142 w budynku przy ulicy&#8230;<\/p>\n","protected":false},"author":2,"featured_media":8863,"comment_status":"open","ping_status":"open","sticky":false,"template":"","format":"standard","meta":{"inline_featured_image":false,"ngg_post_thumbnail":0,"footnotes":""},"categories":[33,4],"tags":[],"class_list":["post-8841","post","type-post","status-publish","format-standard","has-post-thumbnail","hentry","category-archiwum-pm7","category-wydarzenia"],"_links":{"self":[{"href":"https:\/\/zsp12.gliwice.pl\/pm7\/wp-json\/wp\/v2\/posts\/8841"}],"collection":[{"href":"https:\/\/zsp12.gliwice.pl\/pm7\/wp-json\/wp\/v2\/posts"}],"about":[{"href":"https:\/\/zsp12.gliwice.pl\/pm7\/wp-json\/wp\/v2\/types\/post"}],"author":[{"embeddable":true,"href":"https:\/\/zsp12.gliwice.pl\/pm7\/wp-json\/wp\/v2\/users\/2"}],"replies":[{"embeddable":true,"href":"https:\/\/zsp12.gliwice.pl\/pm7\/wp-json\/wp\/v2\/comments?post=8841"}],"version-history":[{"count":1,"href":"https:\/\/zsp12.gliwice.pl\/pm7\/wp-json\/wp\/v2\/posts\/8841\/revisions"}],"predecessor-version":[{"id":8861,"href":"https:\/\/zsp12.gliwice.pl\/pm7\/wp-json\/wp\/v2\/posts\/8841\/revisions\/8861"}],"wp:featuredmedia":[{"embeddable":true,"href":"https:\/\/zsp12.gliwice.pl\/pm7\/wp-json\/wp\/v2\/media\/8863"}],"wp:attachment":[{"href":"https:\/\/zsp12.gliwice.pl\/pm7\/wp-json\/wp\/v2\/media?parent=8841"}],"wp:term":[{"taxonomy":"category","embeddable":true,"href":"https:\/\/zsp12.gliwice.pl\/pm7\/wp-json\/wp\/v2\/categories?post=8841"},{"taxonomy":"post_tag","embeddable":true,"href":"https:\/\/zsp12.gliwice.pl\/pm7\/wp-json\/wp\/v2\/tags?post=8841"}],"curies":[{"name":"wp","href":"https:\/\/api.w.org\/{rel}","templated":true}]}}