{"id":8821,"date":"2022-08-23T15:01:19","date_gmt":"2022-08-23T13:01:19","guid":{"rendered":"https:\/\/zsp12.gliwice.pl\/pm7\/?p=8821"},"modified":"2025-06-03T07:12:34","modified_gmt":"2025-06-03T05:12:34","slug":"zebranie-dla-rodzicow-dzieci-nowoprzyjetych-lipowa","status":"publish","type":"post","link":"https:\/\/zsp12.gliwice.pl\/pm7\/blog\/2022\/08\/23\/zebranie-dla-rodzicow-dzieci-nowoprzyjetych-lipowa\/","title":{"rendered":"Zebranie dla rodzic\u00f3w dzieci nowoprzyj\u0119tych do Przedszkola Miejskiego nr 7 w ZSP nr 12 przy ul. Lipowej 29"},"content":{"rendered":"<p style=\"text-align: center\"><strong><em><u>UWAGA ! ! ! <\/u><\/em><\/strong><\/p>\n<p><strong><em>Informacja dla <u>rodzic\u00f3w dzieci <\/u><u>nowoprzyj\u0119tych<\/u> od dnia 01 wrze\u015bnia do Przedszkola Miejskiego nr 7 w Gliwicach przy <\/em><em>ulicy Lipowej 29.<\/em><\/strong><\/p>\n<p><strong>Dzi\u0119kujemy za wyb\u00f3r naszego przedszkola, w kt\u00f3rym Pa\u0144stwa dzieci otrzymaj\u0105 mo\u017cliwo\u015b\u0107 kreatywnego i tw\u00f3rczego rozwoju w okresie przedszkolnym. <\/strong><\/p>\n<p><strong>W dniu dzisiejszym zosta\u0142y podj\u0119te ostatnie decyzje organizacyjne dotycz\u0105ce kadry pedagogicznej co pozwala nam na zaproszenie Pa\u0144stwa jako rodzic\u00f3w dzieci nowoprzyj\u0119tych na spotkanie<sup>*<\/sup> w dniu 25 sierpnia br. o godzinie 16 <sup>45 <\/sup><\/strong><\/p>\n<p><strong>B\u0119dzie nam mi\u0142o spotka\u0107 si\u0119 z Pa\u0144stwem na zebraniu informacyjnym w budynku Przedszkola Miejskiego przy ulicy Lipowej 29.<\/strong><\/p>\n<p><strong>Prosimy o zabranie z sob\u0105 nr PESEL dziecka; d\u0142ugopisu.<\/strong><\/p>\n<p><strong><u>Porz\u0105dek zebrania:<\/u><\/strong><\/p>\n<ol>\n<li><strong>Przedstawienie zasad organizacyjnych i planu dnia przedszkola.<\/strong><\/li>\n<li><strong>Przedstawienie wychowawcy.<\/strong><\/li>\n<li><strong>Wype\u0142nienie druk\u00f3w upowa\u017cnie\u0144 do odbioru dziecka.<\/strong><\/li>\n<li><strong>Zapoznanie z procedura przyprowadzania i odbierania dziecka.<\/strong><\/li>\n<li><strong>Podpisanie um\u00f3w na wy\u017cywienie dziecka \u2013 firma cateringowa.<\/strong><\/li>\n<li><strong>Oferta zaj\u0119\u0107 niep\u0142atnych.<\/strong><\/li>\n<\/ol>\n<p>&nbsp;<\/p>\n<p style=\"text-align: center\">Zebranie z ca\u0142ymi grupami dotycz\u0105ce wszystkich spraw wychowawczych i opieku\u0144czych<\/p>\n<p style=\"text-align: center\">oraz organizacyjnych dotycz\u0105cych funkcjonowania grupy i Rady Rodzic\u00f3w odb\u0119dzie si\u0119<\/p>\n<p style=\"text-align: center\"><strong>13 wrze\u015bnia o godzinie 16 <sup>45<\/sup><\/strong> \u2013 prosimy o zarezerwowanie sobie terminu.<\/p>\n<p>&nbsp;<\/p>\n<p><sup>*<\/sup> na spotkanie zapraszamy jednego rodzica lub opiekuna prawnego.<\/p>\n<p style=\"text-align: right\">&nbsp;<\/p>\n<p style=\"text-align: right\">Z powa\u017caniem<\/p>\n<p style=\"text-align: right\">Dyrekcja ZSP 12<\/p>\n","protected":false},"excerpt":{"rendered":"<p>UWAGA ! ! ! Informacja dla rodzic\u00f3w dzieci nowoprzyj\u0119tych od dnia 01 wrze\u015bnia do Przedszkola Miejskiego nr 7 w Gliwicach&#8230;<\/p>\n","protected":false},"author":2,"featured_media":8825,"comment_status":"open","ping_status":"open","sticky":false,"template":"","format":"standard","meta":{"inline_featured_image":false,"ngg_post_thumbnail":0,"footnotes":""},"categories":[33,17],"tags":[],"class_list":["post-8821","post","type-post","status-publish","format-standard","has-post-thumbnail","hentry","category-archiwum-pm7","category-informacje"],"_links":{"self":[{"href":"https:\/\/zsp12.gliwice.pl\/pm7\/wp-json\/wp\/v2\/posts\/8821"}],"collection":[{"href":"https:\/\/zsp12.gliwice.pl\/pm7\/wp-json\/wp\/v2\/posts"}],"about":[{"href":"https:\/\/zsp12.gliwice.pl\/pm7\/wp-json\/wp\/v2\/types\/post"}],"author":[{"embeddable":true,"href":"https:\/\/zsp12.gliwice.pl\/pm7\/wp-json\/wp\/v2\/users\/2"}],"replies":[{"embeddable":true,"href":"https:\/\/zsp12.gliwice.pl\/pm7\/wp-json\/wp\/v2\/comments?post=8821"}],"version-history":[{"count":4,"href":"https:\/\/zsp12.gliwice.pl\/pm7\/wp-json\/wp\/v2\/posts\/8821\/revisions"}],"predecessor-version":[{"id":8833,"href":"https:\/\/zsp12.gliwice.pl\/pm7\/wp-json\/wp\/v2\/posts\/8821\/revisions\/8833"}],"wp:featuredmedia":[{"embeddable":true,"href":"https:\/\/zsp12.gliwice.pl\/pm7\/wp-json\/wp\/v2\/media\/8825"}],"wp:attachment":[{"href":"https:\/\/zsp12.gliwice.pl\/pm7\/wp-json\/wp\/v2\/media?parent=8821"}],"wp:term":[{"taxonomy":"category","embeddable":true,"href":"https:\/\/zsp12.gliwice.pl\/pm7\/wp-json\/wp\/v2\/categories?post=8821"},{"taxonomy":"post_tag","embeddable":true,"href":"https:\/\/zsp12.gliwice.pl\/pm7\/wp-json\/wp\/v2\/tags?post=8821"}],"curies":[{"name":"wp","href":"https:\/\/api.w.org\/{rel}","templated":true}]}}