{"id":857,"date":"2017-10-01T18:17:45","date_gmt":"2017-10-01T16:17:45","guid":{"rendered":"http:\/\/zsp12.gliwice.pl\/pm7\/?p=857"},"modified":"2025-06-03T06:57:20","modified_gmt":"2025-06-03T04:57:20","slug":"dziecko-w-przedszkolu-czyli-co-robia-dzieci-jak-nie-ma-rodzicow","status":"publish","type":"post","link":"https:\/\/zsp12.gliwice.pl\/pm7\/blog\/2017\/10\/01\/dziecko-w-przedszkolu-czyli-co-robia-dzieci-jak-nie-ma-rodzicow\/","title":{"rendered":"Dziecko w przedszkolu &#8211; czyli co robi\u0105 dzieci jak nie ma rodzic\u00f3w."},"content":{"rendered":"<p><em>Zapraszamy Rodzic\u00f3w dzieci przedszkolnych zw\u0142aszcza tych, kt\u00f3rzy w tym roku rozpocz\u0119\u0142y pobyt w naszej plac\u00f3wce do zwiedzenia wystawy pod tytu\u0142em:\u00a0<strong>Dziecko w przedszkolu, czyli co robi\u0105 dzieci jak nie ma rodzic\u00f3w?<\/strong>\u00a0Premierowy pokaz wystawy fotografii odb\u0119dzie si\u0119 dnia 7 pa\u017adziernika w ZSP nr 12 przy ulicy Lipowej 29 w czasie spotkania z okazji \u015blubowania Pierwszoklasist\u00f3w SP 15 i Pasowania na Przedszkolaka najm\u0142odszych dzieci PM7.<\/em><\/p>\n","protected":false},"excerpt":{"rendered":"<p>Zapraszamy Rodzic\u00f3w dzieci przedszkolnych zw\u0142aszcza tych, kt\u00f3rzy w tym roku rozpocz\u0119\u0142y pobyt w naszej plac\u00f3wce do zwiedzenia wystawy pod tytu\u0142em:\u00a0Dziecko&#8230;<\/p>\n","protected":false},"author":2,"featured_media":12152,"comment_status":"open","ping_status":"open","sticky":false,"template":"","format":"standard","meta":{"inline_featured_image":false,"ngg_post_thumbnail":0,"footnotes":""},"categories":[33,17],"tags":[],"class_list":["post-857","post","type-post","status-publish","format-standard","has-post-thumbnail","hentry","category-archiwum-pm7","category-informacje"],"_links":{"self":[{"href":"https:\/\/zsp12.gliwice.pl\/pm7\/wp-json\/wp\/v2\/posts\/857"}],"collection":[{"href":"https:\/\/zsp12.gliwice.pl\/pm7\/wp-json\/wp\/v2\/posts"}],"about":[{"href":"https:\/\/zsp12.gliwice.pl\/pm7\/wp-json\/wp\/v2\/types\/post"}],"author":[{"embeddable":true,"href":"https:\/\/zsp12.gliwice.pl\/pm7\/wp-json\/wp\/v2\/users\/2"}],"replies":[{"embeddable":true,"href":"https:\/\/zsp12.gliwice.pl\/pm7\/wp-json\/wp\/v2\/comments?post=857"}],"version-history":[{"count":1,"href":"https:\/\/zsp12.gliwice.pl\/pm7\/wp-json\/wp\/v2\/posts\/857\/revisions"}],"predecessor-version":[{"id":858,"href":"https:\/\/zsp12.gliwice.pl\/pm7\/wp-json\/wp\/v2\/posts\/857\/revisions\/858"}],"wp:featuredmedia":[{"embeddable":true,"href":"https:\/\/zsp12.gliwice.pl\/pm7\/wp-json\/wp\/v2\/media\/12152"}],"wp:attachment":[{"href":"https:\/\/zsp12.gliwice.pl\/pm7\/wp-json\/wp\/v2\/media?parent=857"}],"wp:term":[{"taxonomy":"category","embeddable":true,"href":"https:\/\/zsp12.gliwice.pl\/pm7\/wp-json\/wp\/v2\/categories?post=857"},{"taxonomy":"post_tag","embeddable":true,"href":"https:\/\/zsp12.gliwice.pl\/pm7\/wp-json\/wp\/v2\/tags?post=857"}],"curies":[{"name":"wp","href":"https:\/\/api.w.org\/{rel}","templated":true}]}}