{"id":848,"date":"2017-09-22T18:12:36","date_gmt":"2017-09-22T16:12:36","guid":{"rendered":"http:\/\/zsp12.gliwice.pl\/pm7\/?p=848"},"modified":"2025-06-03T06:57:20","modified_gmt":"2025-06-03T04:57:20","slug":"dzien-przedszkolaka-2017","status":"publish","type":"post","link":"https:\/\/zsp12.gliwice.pl\/pm7\/blog\/2017\/09\/22\/dzien-przedszkolaka-2017\/","title":{"rendered":"Dzie\u0144 Przedszkolaka 2017"},"content":{"rendered":"<p><em>20 wrze\u015bnia w PM7 z okazji Dnia Przedszkolaka kr\u00f3lowa\u0142o 5 kolor\u00f3w: zielony, niebieski, czerwony, pomara\u0144czowy i \u017c\u00f3\u0142ty. Dzieci ze wszystkich grup ubrane w kolory zgodne z nazwami bawi\u0142y si\u0119 przy muzyce, rozwi\u0105zywa\u0142y \u0142amig\u0142\u00f3wki i zagadki, a tak\u017ce z ogromn\u0105 przyjemno\u015bci\u0105 uczci\u0142y \u015bwi\u0119to s\u0142odyczami otrzymanymi od Miasta Gliwice. Koniczynki, Chmurki, Biedronki, Pomara\u0144czki i S\u0142oneczka m\u00f3wi\u0105 &#8220;Pi\u0119knie dzi\u0119kujemy&#8221;<\/em><\/p>\n<p><img loading=\"lazy\" decoding=\"async\" class=\"size-full wp-image-850 aligncenter\" src=\"http:\/\/zsp12.gliwice.pl\/pm7\/wp-content\/uploads\/sites\/7\/2018\/03\/Dz.-Przedszkolaka-4.jpg\" alt=\"\" width=\"640\" height=\"480\" srcset=\"https:\/\/zsp12.gliwice.pl\/pm7\/wp-content\/uploads\/sites\/7\/2018\/03\/Dz.-Przedszkolaka-4.jpg 640w, https:\/\/zsp12.gliwice.pl\/pm7\/wp-content\/uploads\/sites\/7\/2018\/03\/Dz.-Przedszkolaka-4-300x225.jpg 300w\" sizes=\"(max-width: 640px) 100vw, 640px\" \/><\/p>\n","protected":false},"excerpt":{"rendered":"<p>20 wrze\u015bnia w PM7 z okazji Dnia Przedszkolaka kr\u00f3lowa\u0142o 5 kolor\u00f3w: zielony, niebieski, czerwony, pomara\u0144czowy i \u017c\u00f3\u0142ty. Dzieci ze wszystkich&#8230;<\/p>\n","protected":false},"author":2,"featured_media":850,"comment_status":"open","ping_status":"open","sticky":false,"template":"","format":"standard","meta":{"inline_featured_image":false,"ngg_post_thumbnail":0,"footnotes":""},"categories":[33,4],"tags":[],"class_list":["post-848","post","type-post","status-publish","format-standard","has-post-thumbnail","hentry","category-archiwum-pm7","category-wydarzenia"],"_links":{"self":[{"href":"https:\/\/zsp12.gliwice.pl\/pm7\/wp-json\/wp\/v2\/posts\/848"}],"collection":[{"href":"https:\/\/zsp12.gliwice.pl\/pm7\/wp-json\/wp\/v2\/posts"}],"about":[{"href":"https:\/\/zsp12.gliwice.pl\/pm7\/wp-json\/wp\/v2\/types\/post"}],"author":[{"embeddable":true,"href":"https:\/\/zsp12.gliwice.pl\/pm7\/wp-json\/wp\/v2\/users\/2"}],"replies":[{"embeddable":true,"href":"https:\/\/zsp12.gliwice.pl\/pm7\/wp-json\/wp\/v2\/comments?post=848"}],"version-history":[{"count":3,"href":"https:\/\/zsp12.gliwice.pl\/pm7\/wp-json\/wp\/v2\/posts\/848\/revisions"}],"predecessor-version":[{"id":1124,"href":"https:\/\/zsp12.gliwice.pl\/pm7\/wp-json\/wp\/v2\/posts\/848\/revisions\/1124"}],"wp:featuredmedia":[{"embeddable":true,"href":"https:\/\/zsp12.gliwice.pl\/pm7\/wp-json\/wp\/v2\/media\/850"}],"wp:attachment":[{"href":"https:\/\/zsp12.gliwice.pl\/pm7\/wp-json\/wp\/v2\/media?parent=848"}],"wp:term":[{"taxonomy":"category","embeddable":true,"href":"https:\/\/zsp12.gliwice.pl\/pm7\/wp-json\/wp\/v2\/categories?post=848"},{"taxonomy":"post_tag","embeddable":true,"href":"https:\/\/zsp12.gliwice.pl\/pm7\/wp-json\/wp\/v2\/tags?post=848"}],"curies":[{"name":"wp","href":"https:\/\/api.w.org\/{rel}","templated":true}]}}