{"id":831,"date":"2017-09-10T18:04:12","date_gmt":"2017-09-10T16:04:12","guid":{"rendered":"http:\/\/zsp12.gliwice.pl\/pm7\/?p=831"},"modified":"2025-06-03T06:57:20","modified_gmt":"2025-06-03T04:57:20","slug":"niecodzienne-konstrukcje-kreatywnosc-i-odrobina-rywalizacji","status":"publish","type":"post","link":"https:\/\/zsp12.gliwice.pl\/pm7\/blog\/2017\/09\/10\/niecodzienne-konstrukcje-kreatywnosc-i-odrobina-rywalizacji\/","title":{"rendered":"Niecodzienne konstrukcje &#8211; kreatywno\u015b\u0107 i odrobina rywalizacji"},"content":{"rendered":"<p><em>Dzieci z grupy Koniczynki czyli 6-latki, nie tylko przygotowuj\u0105 si\u0119 do rozpocz\u0119cia nauki za rok w klasie pierwszej, ale tak\u017ce \u015bwietnie si\u0119 bawi\u0105. Najbardziej lubi\u0105 zabawy konstrukcyjne, kt\u00f3re pobudzaj\u0105 wyobra\u017ani\u0119. Zabawy te \u0107wicz\u0105 sprawno\u015b\u0107 manualn\u0105 oraz rozbudzaj\u0105 kreatywno\u015b\u0107.<\/em><\/p>\n<p><em>Przedszkolaki\u00a0 najbardziej lubi\u0105 te zabawy, kt\u00f3re polegaj\u0105 na budowaniu, wytwarzaniu czego\u015b nowego. Idealnym materia\u0142em s\u0105 plastikowe kubeczki, kt\u00f3re pozwalaj\u0105 na konstruowanie piramid, \u015bcian czy wie\u017c.<\/em><\/p>\n<p><em>W zabawach tych powstaje wytw\u00f3r, b\u0119d\u0105cy rezultatem dzia\u0142a\u0144 dziecka. Zabawy tego typu doskonal\u0105 rozw\u00f3j spostrzegawczo-ruchowy. Wyzwalaj\u0105 pomys\u0142owo\u015b\u0107, wdra\u017caj\u0105 do skupienia uwagi, ucz\u0105 obserwacji, co wida\u0107 na fotografiach.<\/em><\/p>\n<p><img loading=\"lazy\" decoding=\"async\" class=\"size-full wp-image-834 aligncenter\" src=\"http:\/\/zsp12.gliwice.pl\/pm7\/wp-content\/uploads\/sites\/7\/2018\/03\/niecodzienne_konstrukcje-3.jpg\" alt=\"\" width=\"640\" height=\"480\" srcset=\"https:\/\/zsp12.gliwice.pl\/pm7\/wp-content\/uploads\/sites\/7\/2018\/03\/niecodzienne_konstrukcje-3.jpg 640w, https:\/\/zsp12.gliwice.pl\/pm7\/wp-content\/uploads\/sites\/7\/2018\/03\/niecodzienne_konstrukcje-3-300x225.jpg 300w\" sizes=\"(max-width: 640px) 100vw, 640px\" \/><\/p>\n","protected":false},"excerpt":{"rendered":"<p>Dzieci z grupy Koniczynki czyli 6-latki, nie tylko przygotowuj\u0105 si\u0119 do rozpocz\u0119cia nauki za rok w klasie pierwszej, ale tak\u017ce&#8230;<\/p>\n","protected":false},"author":2,"featured_media":834,"comment_status":"open","ping_status":"open","sticky":false,"template":"","format":"standard","meta":{"inline_featured_image":false,"ngg_post_thumbnail":0,"footnotes":""},"categories":[33,4],"tags":[],"class_list":["post-831","post","type-post","status-publish","format-standard","has-post-thumbnail","hentry","category-archiwum-pm7","category-wydarzenia"],"_links":{"self":[{"href":"https:\/\/zsp12.gliwice.pl\/pm7\/wp-json\/wp\/v2\/posts\/831"}],"collection":[{"href":"https:\/\/zsp12.gliwice.pl\/pm7\/wp-json\/wp\/v2\/posts"}],"about":[{"href":"https:\/\/zsp12.gliwice.pl\/pm7\/wp-json\/wp\/v2\/types\/post"}],"author":[{"embeddable":true,"href":"https:\/\/zsp12.gliwice.pl\/pm7\/wp-json\/wp\/v2\/users\/2"}],"replies":[{"embeddable":true,"href":"https:\/\/zsp12.gliwice.pl\/pm7\/wp-json\/wp\/v2\/comments?post=831"}],"version-history":[{"count":7,"href":"https:\/\/zsp12.gliwice.pl\/pm7\/wp-json\/wp\/v2\/posts\/831\/revisions"}],"predecessor-version":[{"id":1122,"href":"https:\/\/zsp12.gliwice.pl\/pm7\/wp-json\/wp\/v2\/posts\/831\/revisions\/1122"}],"wp:featuredmedia":[{"embeddable":true,"href":"https:\/\/zsp12.gliwice.pl\/pm7\/wp-json\/wp\/v2\/media\/834"}],"wp:attachment":[{"href":"https:\/\/zsp12.gliwice.pl\/pm7\/wp-json\/wp\/v2\/media?parent=831"}],"wp:term":[{"taxonomy":"category","embeddable":true,"href":"https:\/\/zsp12.gliwice.pl\/pm7\/wp-json\/wp\/v2\/categories?post=831"},{"taxonomy":"post_tag","embeddable":true,"href":"https:\/\/zsp12.gliwice.pl\/pm7\/wp-json\/wp\/v2\/tags?post=831"}],"curies":[{"name":"wp","href":"https:\/\/api.w.org\/{rel}","templated":true}]}}