{"id":7601,"date":"2022-04-29T14:18:00","date_gmt":"2022-04-29T12:18:00","guid":{"rendered":"https:\/\/zsp12.gliwice.pl\/pm7\/?p=7601"},"modified":"2025-06-03T07:12:02","modified_gmt":"2025-06-03T05:12:02","slug":"dzien-ziemi-w-pm7","status":"publish","type":"post","link":"https:\/\/zsp12.gliwice.pl\/pm7\/blog\/2022\/04\/29\/dzien-ziemi-w-pm7\/","title":{"rendered":"Dzie\u0144 Ziemi w PM7"},"content":{"rendered":"<div><em>Przedszkolaki zdobywaj\u0105 pierwsze szlify i wiadomo\u015bci na temat ochrony klimatu i dbania o nasz\u0105 planet\u0119.<\/em><\/div>\n<div><em>Podczas zaj\u0119\u0107 realizowanych z okazji Dnia Ziemi dzieci pozna\u0142y podstawowe zasady proekologiczne, postawy maj\u0105ce znacz\u0105cy wp\u0142yw na klimat,&nbsp;czysto\u015b\u0107 powietrza, zanieczyszczenia w\u00f3d i \u015brodowiska.&nbsp; Troch\u0119 na\u015bmiecili\u015bmy w naszej sali w czasie zaj\u0119\u0107 o segregacji \u015bmieci, ale szybko ten ba\u0142agan zosta\u0142 ogarni\u0119ty, \u015bmieci znalaz\u0142y swoje miejsce we w\u0142a\u015bciwych pojemnikach. Prace plastyczne wykonane w tygodniu Ziemi stanowi\u0105 dekoracj\u0119 ka\u017cdej sali, a przedszkolaki medale i dyplomy &#8220;Przyjaciela Ziemi&#8221;. Wszyscy chcemy \u017cy\u0107 na Ziemi &#8211; wyspie wiecznie zielonej <img decoding=\"async\" class=\"an1\" src=\"https:\/\/fonts.gstatic.com\/s\/e\/notoemoji\/14.0\/1f30d\/32.png\" alt=\"\ud83c\udf0d\" data-emoji=\"\ud83c\udf0d\" aria-label=\"\ud83c\udf0d\"><\/em><\/div>\n<div>&nbsp;<\/div>\n<div style=\"text-align: right\"><em>Aleksandra Janik<\/em><\/div>\n<div>&nbsp;<\/div>\n<div>&nbsp;<\/div>\n\n\nngg_shortcode_0_placeholder\n","protected":false},"excerpt":{"rendered":"<p>Przedszkolaki zdobywaj\u0105 pierwsze szlify i wiadomo\u015bci na temat ochrony klimatu i dbania o nasz\u0105 planet\u0119. Podczas zaj\u0119\u0107 realizowanych z okazji&#8230;<\/p>\n","protected":false},"author":2,"featured_media":7743,"comment_status":"open","ping_status":"open","sticky":false,"template":"","format":"standard","meta":{"inline_featured_image":false,"ngg_post_thumbnail":0,"footnotes":""},"categories":[33,4],"tags":[],"class_list":["post-7601","post","type-post","status-publish","format-standard","has-post-thumbnail","hentry","category-archiwum-pm7","category-wydarzenia"],"_links":{"self":[{"href":"https:\/\/zsp12.gliwice.pl\/pm7\/wp-json\/wp\/v2\/posts\/7601"}],"collection":[{"href":"https:\/\/zsp12.gliwice.pl\/pm7\/wp-json\/wp\/v2\/posts"}],"about":[{"href":"https:\/\/zsp12.gliwice.pl\/pm7\/wp-json\/wp\/v2\/types\/post"}],"author":[{"embeddable":true,"href":"https:\/\/zsp12.gliwice.pl\/pm7\/wp-json\/wp\/v2\/users\/2"}],"replies":[{"embeddable":true,"href":"https:\/\/zsp12.gliwice.pl\/pm7\/wp-json\/wp\/v2\/comments?post=7601"}],"version-history":[{"count":3,"href":"https:\/\/zsp12.gliwice.pl\/pm7\/wp-json\/wp\/v2\/posts\/7601\/revisions"}],"predecessor-version":[{"id":7638,"href":"https:\/\/zsp12.gliwice.pl\/pm7\/wp-json\/wp\/v2\/posts\/7601\/revisions\/7638"}],"wp:featuredmedia":[{"embeddable":true,"href":"https:\/\/zsp12.gliwice.pl\/pm7\/wp-json\/wp\/v2\/media\/7743"}],"wp:attachment":[{"href":"https:\/\/zsp12.gliwice.pl\/pm7\/wp-json\/wp\/v2\/media?parent=7601"}],"wp:term":[{"taxonomy":"category","embeddable":true,"href":"https:\/\/zsp12.gliwice.pl\/pm7\/wp-json\/wp\/v2\/categories?post=7601"},{"taxonomy":"post_tag","embeddable":true,"href":"https:\/\/zsp12.gliwice.pl\/pm7\/wp-json\/wp\/v2\/tags?post=7601"}],"curies":[{"name":"wp","href":"https:\/\/api.w.org\/{rel}","templated":true}]}}