{"id":7595,"date":"2022-04-19T13:21:24","date_gmt":"2022-04-19T11:21:24","guid":{"rendered":"http:\/\/zsp12.gliwice.pl\/pm7\/?p=7595"},"modified":"2025-06-03T07:12:02","modified_gmt":"2025-06-03T05:12:02","slug":"procedury-postepowania-w-zsp-nr-12-w-gliwicach-po-wprowadzeniu-przez-prezesa-rady-ministrow-stopni-alarmowych-i-stopni-alarmowych-crp","status":"publish","type":"post","link":"https:\/\/zsp12.gliwice.pl\/pm7\/blog\/2022\/04\/19\/procedury-postepowania-w-zsp-nr-12-w-gliwicach-po-wprowadzeniu-przez-prezesa-rady-ministrow-stopni-alarmowych-i-stopni-alarmowych-crp\/","title":{"rendered":"PROCEDURY POST\u0118POWANIA W ZSP NR 12 W GLIWICACH PO WPROWADZENIU PRZEZ PREZESA RADY MINISTR\u00d3W STOPNI ALARMOWYCH I STOPNI ALARMOWYCH CRP"},"content":{"rendered":"<p>Przedstawiamy Pa\u0144stwu<a href=\"http:\/\/zsp12.gliwice.pl\/wp-content\/uploads\/2022\/04\/zal_do_zarzadzenia_11_2022_Zarzadzenie_Rodzaje_stopni_alarmowych_procedura-1.pdf\">&nbsp;PROCEDURY POST\u0118POWANIA W ZSP NR 12 W GLIWICACH PO WPROWADZENIU PRZEZ PREZESA RADY MINISTR\u00d3W STOPNI ALARMOWYCH I STOPNI ALARMOWYCH CRP<\/a> obowi\u0105zuj\u0105c\u0105 od dnia 19 kwietnia 2022.<\/p>\n<p>&nbsp;<\/p>\n","protected":false},"excerpt":{"rendered":"<p>Przedstawiamy Pa\u0144stwu&nbsp;PROCEDURY POST\u0118POWANIA W ZSP NR 12 W GLIWICACH PO WPROWADZENIU PRZEZ PREZESA RADY MINISTR\u00d3W STOPNI ALARMOWYCH I STOPNI ALARMOWYCH&#8230;<\/p>\n","protected":false},"author":2,"featured_media":12152,"comment_status":"open","ping_status":"open","sticky":false,"template":"","format":"standard","meta":{"inline_featured_image":false,"ngg_post_thumbnail":0,"footnotes":""},"categories":[33,17],"tags":[],"class_list":["post-7595","post","type-post","status-publish","format-standard","has-post-thumbnail","hentry","category-archiwum-pm7","category-informacje"],"_links":{"self":[{"href":"https:\/\/zsp12.gliwice.pl\/pm7\/wp-json\/wp\/v2\/posts\/7595"}],"collection":[{"href":"https:\/\/zsp12.gliwice.pl\/pm7\/wp-json\/wp\/v2\/posts"}],"about":[{"href":"https:\/\/zsp12.gliwice.pl\/pm7\/wp-json\/wp\/v2\/types\/post"}],"author":[{"embeddable":true,"href":"https:\/\/zsp12.gliwice.pl\/pm7\/wp-json\/wp\/v2\/users\/2"}],"replies":[{"embeddable":true,"href":"https:\/\/zsp12.gliwice.pl\/pm7\/wp-json\/wp\/v2\/comments?post=7595"}],"version-history":[{"count":1,"href":"https:\/\/zsp12.gliwice.pl\/pm7\/wp-json\/wp\/v2\/posts\/7595\/revisions"}],"predecessor-version":[{"id":7596,"href":"https:\/\/zsp12.gliwice.pl\/pm7\/wp-json\/wp\/v2\/posts\/7595\/revisions\/7596"}],"wp:featuredmedia":[{"embeddable":true,"href":"https:\/\/zsp12.gliwice.pl\/pm7\/wp-json\/wp\/v2\/media\/12152"}],"wp:attachment":[{"href":"https:\/\/zsp12.gliwice.pl\/pm7\/wp-json\/wp\/v2\/media?parent=7595"}],"wp:term":[{"taxonomy":"category","embeddable":true,"href":"https:\/\/zsp12.gliwice.pl\/pm7\/wp-json\/wp\/v2\/categories?post=7595"},{"taxonomy":"post_tag","embeddable":true,"href":"https:\/\/zsp12.gliwice.pl\/pm7\/wp-json\/wp\/v2\/tags?post=7595"}],"curies":[{"name":"wp","href":"https:\/\/api.w.org\/{rel}","templated":true}]}}