{"id":6549,"date":"2022-03-04T17:07:32","date_gmt":"2022-03-04T16:07:32","guid":{"rendered":"http:\/\/zsp12.gliwice.pl\/pm7\/?p=6549"},"modified":"2025-06-03T07:12:03","modified_gmt":"2025-06-03T05:12:03","slug":"informacje-dotyczace-rekrutacji-do-publicznych-przedszkoli-i-oddzialow-przedszkolnych-w-szkolach-podstawowych-na-rok-szkolny-2022-2023","status":"publish","type":"post","link":"https:\/\/zsp12.gliwice.pl\/pm7\/blog\/2022\/03\/04\/informacje-dotyczace-rekrutacji-do-publicznych-przedszkoli-i-oddzialow-przedszkolnych-w-szkolach-podstawowych-na-rok-szkolny-2022-2023\/","title":{"rendered":"Informacje dotycz\u0105ce rekrutacji do publicznych przedszkoli i oddzia\u0142\u00f3w przedszkolnych w szko\u0142ach podstawowych na rok szkolny 2022\/2023"},"content":{"rendered":"<p>Informacje dotycz\u0105ce rekrutacji do publicznych przedszkoli i oddzia\u0142\u00f3w przedszkolnych w szko\u0142ach podstawowych na rok szkolny 2022\/2023<\/p>\n<p style=\"text-align: center\"><span style=\"color: #ff0000\">Rekrutacja do publicznych przedszkoli i oddzia\u0142\u00f3w przedszkolnych w publicznych szko\u0142ach podstawowych, prowadzonych przez Miasto Gliwice na rok szkolny 2022\/2023 <\/span><br \/>\n<strong><span style=\"color: #ff0000\">rozpocznie si\u0119 15 marca o godzinie 9.00<\/span><\/strong><\/p>\n<p style=\"text-align: center\">Link do aplikacji umo\u017cliwiaj\u0105cej zapoznanie si\u0119 z ofert\u0105, wygenerowanie wniosku:<\/p>\n<p style=\"text-align: center\"><a href=\"https:\/\/gliwice.formico.pl\/\">https:\/\/gliwice.formico.pl<\/a><\/p>\n<p>&nbsp;<\/p>\n<p>Terminy rekrutacji&nbsp;&#8211;&nbsp;link do zarz\u0105dzenia:&nbsp;<a href=\"https:\/\/bip.gliwice.eu\/zarzadzeniaPrezydenta\/88477\">https:\/\/bip.gliwice.eu\/zarzadzeniaPrezydenta\/88477<\/a><\/p>\n<p><u>Obowi\u0105zuj\u0105ce kryteria przyj\u0119\u0107:<\/u><\/p>\n<p>W post\u0119powaniu rekrutacyjnym do przedszkoli prowadzonych przez Miasto Gliwice bior\u0105 udzia\u0142:<\/p>\n<ul>\n<li>dzieci urodzone w latach 2016 \u2013 2019 (3-6 latki),<\/li>\n<li>dzieci, kt\u00f3rym na podstawie opinii poradni psychologiczno \u2013 pedagogicznej dyrektor szko\u0142y podstawowej w obwodzie kt\u00f3rej dziecko mieszka, na wniosek rodzic\u00f3w, odroczy\u0142 rozpocz\u0119cie spe\u0142niania przez dziecko obowi\u0105zku szkolnego. Szczeg\u00f3\u0142owe zasady odroczenia od obowi\u0105zku szkolnego uregulowane s\u0105 w art. 36 i 38 ustawy Prawo o\u015bwiatowe (t.j. Dz.U. z 2021 r. poz. 1082 z p\u00f3\u017an. zm.).<\/li>\n<\/ul>\n<p>Post\u0119powanie rekrutacyjne do przedszkoli odbywa si\u0119 na wolne miejsca oraz obejmuje&nbsp;wy\u0142\u0105cznie dzieci zamieszka\u0142e w Gliwicach.<\/p>\n<p>Przez miejsce zamieszkania dziecka nale\u017cy rozumie\u0107 miejscowo\u015b\u0107, w kt\u00f3rej dziecko przebywa z zamiarem sta\u0142ego pobytu, zgodnie z art. 25 ustawy z dnia 23 kwietnia 1964 r. Kodeks cywilny (t.j. Dz.U. z 2020 r. poz. 1740 z p\u00f3\u017an. zm.).<br \/>\nW szczeg\u00f3lno\u015bci miejscem zamieszkania dziecka pozostaj\u0105cego pod w\u0142adz\u0105 rodzicielsk\u0105 jest miejsce zamieszkania rodzic\u00f3w albo tego z rodzic\u00f3w, kt\u00f3remu wy\u0142\u0105cznie przys\u0142uguje w\u0142adza rodzicielska lub kt\u00f3remu zosta\u0142o powierzone wykonywanie w\u0142adzy rodzicielskiej (art. 26 \u00a7 1 Kodeksu cywilnego).<\/p>\n<p>W przypadku wi\u0119kszej liczby kandydat\u00f3w ni\u017c liczba wolnych miejsc brane s\u0105 pod uwag\u0119 \u0142\u0105cznie nast\u0119puj\u0105ce kryteria:<\/p>\n<p>Kryteria ustawowe&nbsp;(art. 131 ustawy Prawo o\u015bwiatowe):<\/p>\n<ul>\n<li>wielodzietno\u015b\u0107 rodziny kandydata,<\/li>\n<li>niepe\u0142nosprawno\u015b\u0107 kandydata,<\/li>\n<li>niepe\u0142nosprawno\u015b\u0107 jednego z rodzic\u00f3w kandydata,<\/li>\n<li>niepe\u0142nosprawno\u015b\u0107 obojga rodzic\u00f3w kandydata,<\/li>\n<li>niepe\u0142nosprawno\u015b\u0107 rodze\u0144stwa kandydata,<\/li>\n<li>samotne wychowywanie kandydata w rodzinie,<\/li>\n<li>obj\u0119cie kandydata piecz\u0105 zast\u0119pcz\u0105.<\/li>\n<\/ul>\n<p>Ka\u017cde z wy\u017cej wymienionych kryteri\u00f3w ma jednakow\u0105 warto\u015b\u0107.<\/p>\n<p>Dokumenty potwierdzaj\u0105ce spe\u0142nienie ww. to odpowiednio:<\/p>\n<ul>\n<li>o\u015bwiadczenie o wielodzietno\u015bci rodziny kandydata,<\/li>\n<li>orzeczenie o potrzebie kszta\u0142cenia specjalnego wydane ze wzgl\u0119du na niepe\u0142nosprawno\u015b\u0107, orzeczenie o niepe\u0142nosprawno\u015bci lub o stopniu niepe\u0142nosprawno\u015bci lub orzeczenie r\u00f3wnowa\u017cne w rozumieniu przepis\u00f3w ustawy z dnia 27 sierpnia 1997 r. o rehabilitacji zawodowej i spo\u0142ecznej oraz zatrudnianiu os\u00f3b niepe\u0142nosprawnych,<\/li>\n<li>prawomocny wyrok s\u0105du rodzinnego orzekaj\u0105cy rozw\u00f3d lub separacj\u0119 lub akt zgonu oraz o\u015bwiadczenie o samotnym wychowywaniu dziecka oraz niewychowywaniu \u017cadnego dziecka wsp\u00f3lnie z jego rodzicem,<\/li>\n<li>dokument po\u015bwiadczaj\u0105cy obj\u0119cie dziecka piecz\u0105 zast\u0119pcz\u0105 zgodnie z ustaw\u0105 z dnia 9 czerwca 2011 r. o wspieraniu rodziny i systemie pieczy zast\u0119pczej.<\/li>\n<\/ul>\n<p>Dokumenty s\u0105 sk\u0142adane w oryginale, notarialnie po\u015bwiadczonej kopii albo w postaci urz\u0119dowo po\u015bwiadczonego zgodnie z art. 76a \u00a7 1 ustawy z dnia 14 czerwca 1960 r. &#8211; Kodeks post\u0119powania administracyjnego odpisu lub wyci\u0105gu z dokumentu. Dokumenty mog\u0105 by\u0107 sk\u0142adane tak\u017ce w postaci kopii po\u015bwiadczonej za zgodno\u015b\u0107 z orygina\u0142em przez rodzica kandydata.<\/p>\n<p>O\u015bwiadczenia sk\u0142ada si\u0119 pod rygorem odpowiedzialno\u015bci karnej za sk\u0142adanie fa\u0142szywych zezna\u0144.<\/p>\n<p>Kryteria lokalne&nbsp;okre\u015blone na podstawie uchwa\u0142y nr XXIV\/609\/2017 Rady Miasta&nbsp; Gliwice z dnia 30 marca 2017 r. w sprawie okre\u015blenia kryteri\u00f3w naboru do przedszkoli prowadzonych przez Miasto Gliwice na drugim etapie post\u0119powania rekrutacyjnego oraz dokument\u00f3w niezb\u0119dnych do potwierdzania tych kryteri\u00f3w &#8211;&nbsp;<a href=\"https:\/\/bip.gliwice.eu\/rada-miasta\/uchwaly\/12452\">https:\/\/bip.gliwice.eu\/\/rada-miasta\/uchwaly\/12452<\/a><\/p>\n<p>Zasady rekrutacji wynikaj\u0105 z ustawy z dnia 14 grudnia 2016 r. Prawo o\u015bwiatowe &#8211; rozdzia\u0142 6.<\/p>\n<p>Obraz&nbsp;<a href=\"https:\/\/pixabay.com\/pl\/users\/geralt-9301\/?utm_source=link-attribution&amp;utm_medium=referral&amp;utm_campaign=image&amp;utm_content=63983\">Gerd Altmann<\/a>&nbsp;z&nbsp;<a href=\"https:\/\/pixabay.com\/pl\/?utm_source=link-attribution&amp;utm_medium=referral&amp;utm_campaign=image&amp;utm_content=63983\">Pixabay<\/a>&nbsp;<\/p>\n","protected":false},"excerpt":{"rendered":"<p>Informacje dotycz\u0105ce rekrutacji do publicznych przedszkoli i oddzia\u0142\u00f3w przedszkolnych w szko\u0142ach podstawowych na rok szkolny 2022\/2023 Rekrutacja do publicznych przedszkoli&#8230;<\/p>\n","protected":false},"author":2,"featured_media":3468,"comment_status":"open","ping_status":"open","sticky":false,"template":"","format":"standard","meta":{"inline_featured_image":false,"ngg_post_thumbnail":0,"footnotes":""},"categories":[33,17],"tags":[],"class_list":["post-6549","post","type-post","status-publish","format-standard","has-post-thumbnail","hentry","category-archiwum-pm7","category-informacje"],"_links":{"self":[{"href":"https:\/\/zsp12.gliwice.pl\/pm7\/wp-json\/wp\/v2\/posts\/6549"}],"collection":[{"href":"https:\/\/zsp12.gliwice.pl\/pm7\/wp-json\/wp\/v2\/posts"}],"about":[{"href":"https:\/\/zsp12.gliwice.pl\/pm7\/wp-json\/wp\/v2\/types\/post"}],"author":[{"embeddable":true,"href":"https:\/\/zsp12.gliwice.pl\/pm7\/wp-json\/wp\/v2\/users\/2"}],"replies":[{"embeddable":true,"href":"https:\/\/zsp12.gliwice.pl\/pm7\/wp-json\/wp\/v2\/comments?post=6549"}],"version-history":[{"count":1,"href":"https:\/\/zsp12.gliwice.pl\/pm7\/wp-json\/wp\/v2\/posts\/6549\/revisions"}],"predecessor-version":[{"id":6550,"href":"https:\/\/zsp12.gliwice.pl\/pm7\/wp-json\/wp\/v2\/posts\/6549\/revisions\/6550"}],"wp:featuredmedia":[{"embeddable":true,"href":"https:\/\/zsp12.gliwice.pl\/pm7\/wp-json\/wp\/v2\/media\/3468"}],"wp:attachment":[{"href":"https:\/\/zsp12.gliwice.pl\/pm7\/wp-json\/wp\/v2\/media?parent=6549"}],"wp:term":[{"taxonomy":"category","embeddable":true,"href":"https:\/\/zsp12.gliwice.pl\/pm7\/wp-json\/wp\/v2\/categories?post=6549"},{"taxonomy":"post_tag","embeddable":true,"href":"https:\/\/zsp12.gliwice.pl\/pm7\/wp-json\/wp\/v2\/tags?post=6549"}],"curies":[{"name":"wp","href":"https:\/\/api.w.org\/{rel}","templated":true}]}}