{"id":6464,"date":"2021-12-24T13:29:15","date_gmt":"2021-12-24T12:29:15","guid":{"rendered":"http:\/\/zsp12.gliwice.pl\/pm7\/?p=6464"},"modified":"2025-06-03T07:11:36","modified_gmt":"2025-06-03T05:11:36","slug":"wigilia-w-pm7","status":"publish","type":"post","link":"https:\/\/zsp12.gliwice.pl\/pm7\/blog\/2021\/12\/24\/wigilia-w-pm7\/","title":{"rendered":"Wigilia w PM7"},"content":{"rendered":"<p><em>22 grudnia obchodzili\u015bmy w&nbsp;naszym przedszkolu jeden z&nbsp;najpi\u0119kniejszych&nbsp;dni w&nbsp;roku \u2013 Wigili\u0119. Tego dnia przedszkolaki pi\u0119knie ubrane, nagrywa\u0142y \u017cyczenia dla swoich najbli\u017cszych.<\/em><\/p>\n<p><a href=\"https:\/\/www.canva.com\/design\/DAEzSBL1Pjk\/7VF2M-XKmJw6vHIo1Cwmbw\/watch?utm_content=DAEzSBL1Pjk&amp;utm_campaign=designshare&amp;utm_medium=link&amp;utm_source=publishsharelink\"><img loading=\"lazy\" decoding=\"async\" class=\"aligncenter wp-image-6458 size-large\" src=\"http:\/\/zsp12.gliwice.pl\/pm7\/wp-content\/uploads\/sites\/7\/2021\/12\/prezentacja-1024x576.jpg\" alt=\"\" width=\"640\" height=\"360\" srcset=\"https:\/\/zsp12.gliwice.pl\/pm7\/wp-content\/uploads\/sites\/7\/2021\/12\/prezentacja-1024x576.jpg 1024w, https:\/\/zsp12.gliwice.pl\/pm7\/wp-content\/uploads\/sites\/7\/2021\/12\/prezentacja-300x169.jpg 300w, https:\/\/zsp12.gliwice.pl\/pm7\/wp-content\/uploads\/sites\/7\/2021\/12\/prezentacja-768x432.jpg 768w, https:\/\/zsp12.gliwice.pl\/pm7\/wp-content\/uploads\/sites\/7\/2021\/12\/prezentacja-24x14.jpg 24w, https:\/\/zsp12.gliwice.pl\/pm7\/wp-content\/uploads\/sites\/7\/2021\/12\/prezentacja-36x20.jpg 36w, https:\/\/zsp12.gliwice.pl\/pm7\/wp-content\/uploads\/sites\/7\/2021\/12\/prezentacja-48x27.jpg 48w, https:\/\/zsp12.gliwice.pl\/pm7\/wp-content\/uploads\/sites\/7\/2021\/12\/prezentacja.jpg 1920w\" sizes=\"(max-width: 640px) 100vw, 640px\" \/><\/a><\/p>\n<p><em>Nast\u0119pnie&nbsp; wszyscy zasiedli do&nbsp;pi\u0119knie, w\u0142asnor\u0119cznie przystrojonych sto\u0142\u00f3w, na&nbsp;kt\u00f3rych&nbsp;czeka\u0142 \u015bwi\u0105teczny obiad. Nie&nbsp;zabrak\u0142o r\u00f3wnie\u017c wsp\u00f3lnego \u015bpiewania kol\u0119d i&nbsp;pastora\u0142ek. Czas up\u0142yn\u0105\u0142 w&nbsp;bardzo mi\u0142ej i&nbsp;serdecznej atmosferze. Wszyscy poczuli zbli\u017caj\u0105ce si\u0119 wielkimi krokami \u015awi\u0119ta Bo\u017cego Narodzenia.&nbsp;Dzieci w tym dniu wsp\u00f3lne kol\u0119dowa\u0142y, sk\u0142ada\u0142y sobie \u017cyczenia oraz zjad\u0142y wsp\u00f3lny wigilijny obiad. Oczywi\u015bcie nie zabrak\u0142o &nbsp;prezent\u00f3w pod l\u015bni\u0105c\u0105 choink\u0105, kt\u00f3re dzieci zabra\u0142y do swoich dom\u00f3w dla swoich najbli\u017cszych. \u017byczymy Pa\u0144stwu Weso\u0142ych \u015awi\u0105t!<\/em><\/p>\n<p style=\"text-align: right\"><em>Katarzyna Szymanek<\/em><\/p>\nngg_shortcode_0_placeholder\n","protected":false},"excerpt":{"rendered":"<p>22 grudnia obchodzili\u015bmy w&nbsp;naszym przedszkolu jeden z&nbsp;najpi\u0119kniejszych&nbsp;dni w&nbsp;roku \u2013 Wigili\u0119. Tego dnia przedszkolaki pi\u0119knie ubrane, nagrywa\u0142y \u017cyczenia dla swoich najbli\u017cszych&#8230;.<\/p>\n","protected":false},"author":2,"featured_media":6499,"comment_status":"open","ping_status":"open","sticky":false,"template":"","format":"standard","meta":{"inline_featured_image":false,"ngg_post_thumbnail":0,"footnotes":""},"categories":[33,4],"tags":[],"class_list":["post-6464","post","type-post","status-publish","format-standard","has-post-thumbnail","hentry","category-archiwum-pm7","category-wydarzenia"],"_links":{"self":[{"href":"https:\/\/zsp12.gliwice.pl\/pm7\/wp-json\/wp\/v2\/posts\/6464"}],"collection":[{"href":"https:\/\/zsp12.gliwice.pl\/pm7\/wp-json\/wp\/v2\/posts"}],"about":[{"href":"https:\/\/zsp12.gliwice.pl\/pm7\/wp-json\/wp\/v2\/types\/post"}],"author":[{"embeddable":true,"href":"https:\/\/zsp12.gliwice.pl\/pm7\/wp-json\/wp\/v2\/users\/2"}],"replies":[{"embeddable":true,"href":"https:\/\/zsp12.gliwice.pl\/pm7\/wp-json\/wp\/v2\/comments?post=6464"}],"version-history":[{"count":2,"href":"https:\/\/zsp12.gliwice.pl\/pm7\/wp-json\/wp\/v2\/posts\/6464\/revisions"}],"predecessor-version":[{"id":6500,"href":"https:\/\/zsp12.gliwice.pl\/pm7\/wp-json\/wp\/v2\/posts\/6464\/revisions\/6500"}],"wp:featuredmedia":[{"embeddable":true,"href":"https:\/\/zsp12.gliwice.pl\/pm7\/wp-json\/wp\/v2\/media\/6499"}],"wp:attachment":[{"href":"https:\/\/zsp12.gliwice.pl\/pm7\/wp-json\/wp\/v2\/media?parent=6464"}],"wp:term":[{"taxonomy":"category","embeddable":true,"href":"https:\/\/zsp12.gliwice.pl\/pm7\/wp-json\/wp\/v2\/categories?post=6464"},{"taxonomy":"post_tag","embeddable":true,"href":"https:\/\/zsp12.gliwice.pl\/pm7\/wp-json\/wp\/v2\/tags?post=6464"}],"curies":[{"name":"wp","href":"https:\/\/api.w.org\/{rel}","templated":true}]}}