{"id":5923,"date":"2021-11-22T18:16:21","date_gmt":"2021-11-22T17:16:21","guid":{"rendered":"http:\/\/zsp12.gliwice.pl\/pm7\/?p=5923"},"modified":"2025-06-03T07:11:36","modified_gmt":"2025-06-03T05:11:36","slug":"5923","status":"publish","type":"post","link":"https:\/\/zsp12.gliwice.pl\/pm7\/blog\/2021\/11\/22\/5923\/","title":{"rendered":"\u201eDZIECKA PRAWA TO WA\u017bNA SPRAWA, DZIECKA PRAWA TO NIE ZABAWA\u201d"},"content":{"rendered":"<p><em>W pi\u0105tek, 19 listopada obchodzili\u015bmy w naszym przedszkolu Mi\u0119dzynarodowy Dzie\u0144 Praw Dziecka. Wydarzenie by\u0142o organizowane z okazji przypadaj\u0105cej 20 listopada rocznicy uchwalenia Konwencji o Prawach Dziecka. Dzie\u0144 ten jest szczeg\u00f3lny, przypomina bowiem, \u017ce ka\u017cdy powinien zwraca\u0107 uwag\u0119 na dzieci i ich prawa. Konwencja o Prawach Dziecka przyj\u0119ta przez ONZ w 1989 roku gwarantuje wszystkim dzieciom na \u015bwiecie ich prawa, a ich znajomo\u015b\u0107 pozwala najm\u0142odszym uchroni\u0107 si\u0119 przed r\u00f3\u017cnymi niebezpiecze\u0144stwami. Rol\u0105 doros\u0142ych jest nie tylko dbanie o to, aby prawa dziecka by\u0142y przestrzegane, ale tak\u017ce szerzenie wiedzy o prawach dziecka.<\/em><\/p>\n<p><em>Nasze przedszkolaki aktywnie w\u0142\u0105czy\u0142y si\u0119 w obchody Dnia Praw Dziecka. Obejrza\u0142y film edukacyjny przybli\u017caj\u0105cy&nbsp; w spos\u00f3b zrozumia\u0142y dla dzieci zapisy Konwencji, wys\u0142ucha\u0142y wiersza Marcina Brykczy\u0144skiego \u201eO prawach dziecka\u201d, wsp\u00f3lnie od\u015bpiewa\u0142y piosenk\u0119 tematyczn\u0105, kolorowa\u0142y kolorowanki zwi\u0105zane z poszczeg\u00f3lnymi zagadnieniami Konwencji.<\/em><\/p>\n<p><em>Dzieci wystosowa\u0142y r\u00f3wnie\u017c pro\u015bb\u0119 do Rodzic\u00f3w, kt\u00f3rzy s\u0105 najwa\u017cniejszym&nbsp; autorytetem i wzorem do na\u015bladowania dla ka\u017cdego dziecka.<\/em><\/p>\n<p style=\"text-align: right\"><em>Aleksandra Janik<\/em><\/p>\n<p><img loading=\"lazy\" decoding=\"async\" class=\"aligncenter wp-image-5924 size-large\" src=\"http:\/\/zsp12.gliwice.pl\/pm7\/wp-content\/uploads\/sites\/7\/2021\/11\/mamo-tato-2931-1-1024x649.jpg\" alt=\"\" width=\"640\" height=\"406\" srcset=\"https:\/\/zsp12.gliwice.pl\/pm7\/wp-content\/uploads\/sites\/7\/2021\/11\/mamo-tato-2931-1-1024x649.jpg 1024w, https:\/\/zsp12.gliwice.pl\/pm7\/wp-content\/uploads\/sites\/7\/2021\/11\/mamo-tato-2931-1-300x190.jpg 300w, https:\/\/zsp12.gliwice.pl\/pm7\/wp-content\/uploads\/sites\/7\/2021\/11\/mamo-tato-2931-1-768x487.jpg 768w, https:\/\/zsp12.gliwice.pl\/pm7\/wp-content\/uploads\/sites\/7\/2021\/11\/mamo-tato-2931-1-24x15.jpg 24w, https:\/\/zsp12.gliwice.pl\/pm7\/wp-content\/uploads\/sites\/7\/2021\/11\/mamo-tato-2931-1-36x23.jpg 36w, https:\/\/zsp12.gliwice.pl\/pm7\/wp-content\/uploads\/sites\/7\/2021\/11\/mamo-tato-2931-1-48x30.jpg 48w, https:\/\/zsp12.gliwice.pl\/pm7\/wp-content\/uploads\/sites\/7\/2021\/11\/mamo-tato-2931-1.jpg 1647w\" sizes=\"(max-width: 640px) 100vw, 640px\" \/><\/p>\nngg_shortcode_0_placeholder\n","protected":false},"excerpt":{"rendered":"<p>W pi\u0105tek, 19 listopada obchodzili\u015bmy w naszym przedszkolu Mi\u0119dzynarodowy Dzie\u0144 Praw Dziecka. Wydarzenie by\u0142o organizowane z okazji przypadaj\u0105cej 20 listopada&#8230;<\/p>\n","protected":false},"author":2,"featured_media":5949,"comment_status":"open","ping_status":"open","sticky":false,"template":"","format":"standard","meta":{"inline_featured_image":false,"ngg_post_thumbnail":0,"footnotes":""},"categories":[33,4],"tags":[],"class_list":["post-5923","post","type-post","status-publish","format-standard","has-post-thumbnail","hentry","category-archiwum-pm7","category-wydarzenia"],"_links":{"self":[{"href":"https:\/\/zsp12.gliwice.pl\/pm7\/wp-json\/wp\/v2\/posts\/5923"}],"collection":[{"href":"https:\/\/zsp12.gliwice.pl\/pm7\/wp-json\/wp\/v2\/posts"}],"about":[{"href":"https:\/\/zsp12.gliwice.pl\/pm7\/wp-json\/wp\/v2\/types\/post"}],"author":[{"embeddable":true,"href":"https:\/\/zsp12.gliwice.pl\/pm7\/wp-json\/wp\/v2\/users\/2"}],"replies":[{"embeddable":true,"href":"https:\/\/zsp12.gliwice.pl\/pm7\/wp-json\/wp\/v2\/comments?post=5923"}],"version-history":[{"count":3,"href":"https:\/\/zsp12.gliwice.pl\/pm7\/wp-json\/wp\/v2\/posts\/5923\/revisions"}],"predecessor-version":[{"id":5947,"href":"https:\/\/zsp12.gliwice.pl\/pm7\/wp-json\/wp\/v2\/posts\/5923\/revisions\/5947"}],"wp:featuredmedia":[{"embeddable":true,"href":"https:\/\/zsp12.gliwice.pl\/pm7\/wp-json\/wp\/v2\/media\/5949"}],"wp:attachment":[{"href":"https:\/\/zsp12.gliwice.pl\/pm7\/wp-json\/wp\/v2\/media?parent=5923"}],"wp:term":[{"taxonomy":"category","embeddable":true,"href":"https:\/\/zsp12.gliwice.pl\/pm7\/wp-json\/wp\/v2\/categories?post=5923"},{"taxonomy":"post_tag","embeddable":true,"href":"https:\/\/zsp12.gliwice.pl\/pm7\/wp-json\/wp\/v2\/tags?post=5923"}],"curies":[{"name":"wp","href":"https:\/\/api.w.org\/{rel}","templated":true}]}}