{"id":5046,"date":"2021-03-24T18:18:33","date_gmt":"2021-03-24T17:18:33","guid":{"rendered":"http:\/\/zsp12.gliwice.pl\/pm7\/?p=5046"},"modified":"2025-06-03T07:09:10","modified_gmt":"2025-06-03T05:09:10","slug":"swiatowy-dzien-zespolu-downa","status":"publish","type":"post","link":"https:\/\/zsp12.gliwice.pl\/pm7\/blog\/2021\/03\/24\/swiatowy-dzien-zespolu-downa\/","title":{"rendered":"\u015awiatowy Dzie\u0144 Zespo\u0142u Downa"},"content":{"rendered":"<p><em>Dnia 22 marca nasze przedszkolaki obchodzi\u0142y dzie\u0144 tolerancji z uwzgl\u0119dnieniem pami\u0119\u0107 o osobach chorych na zesp\u00f3\u0142 Downa. W tym dniu dzieci za\u0142o\u017cone mia\u0142y dwie r\u00f3\u017cne skarpetki na znak akceptacji r\u00f3\u017cnorodno\u015bci. Nauczyciele zaprezentowali bajk\u0119 o tolerancji niepe\u0142nosprawno\u015bci informuj\u0105c z czym wi\u0105\u017ce si\u0119 choroba tych dzieci. Na sam koniec poprzez swoje talenty plastyczne przedszkolaki wykona\u0142y swoje projekty skarpetek.<\/em><\/p>\n<p style=\"text-align: right\"><em>Patrycja Mazur<\/em><\/p>\nngg_shortcode_0_placeholder\n","protected":false},"excerpt":{"rendered":"<p>Dnia 22 marca nasze przedszkolaki obchodzi\u0142y dzie\u0144 tolerancji z uwzgl\u0119dnieniem pami\u0119\u0107 o osobach chorych na zesp\u00f3\u0142 Downa. W tym dniu&#8230;<\/p>\n","protected":false},"author":2,"featured_media":5075,"comment_status":"open","ping_status":"open","sticky":false,"template":"","format":"standard","meta":{"inline_featured_image":false,"ngg_post_thumbnail":0,"footnotes":""},"categories":[33,4],"tags":[],"class_list":["post-5046","post","type-post","status-publish","format-standard","has-post-thumbnail","hentry","category-archiwum-pm7","category-wydarzenia"],"_links":{"self":[{"href":"https:\/\/zsp12.gliwice.pl\/pm7\/wp-json\/wp\/v2\/posts\/5046"}],"collection":[{"href":"https:\/\/zsp12.gliwice.pl\/pm7\/wp-json\/wp\/v2\/posts"}],"about":[{"href":"https:\/\/zsp12.gliwice.pl\/pm7\/wp-json\/wp\/v2\/types\/post"}],"author":[{"embeddable":true,"href":"https:\/\/zsp12.gliwice.pl\/pm7\/wp-json\/wp\/v2\/users\/2"}],"replies":[{"embeddable":true,"href":"https:\/\/zsp12.gliwice.pl\/pm7\/wp-json\/wp\/v2\/comments?post=5046"}],"version-history":[{"count":1,"href":"https:\/\/zsp12.gliwice.pl\/pm7\/wp-json\/wp\/v2\/posts\/5046\/revisions"}],"predecessor-version":[{"id":5076,"href":"https:\/\/zsp12.gliwice.pl\/pm7\/wp-json\/wp\/v2\/posts\/5046\/revisions\/5076"}],"wp:featuredmedia":[{"embeddable":true,"href":"https:\/\/zsp12.gliwice.pl\/pm7\/wp-json\/wp\/v2\/media\/5075"}],"wp:attachment":[{"href":"https:\/\/zsp12.gliwice.pl\/pm7\/wp-json\/wp\/v2\/media?parent=5046"}],"wp:term":[{"taxonomy":"category","embeddable":true,"href":"https:\/\/zsp12.gliwice.pl\/pm7\/wp-json\/wp\/v2\/categories?post=5046"},{"taxonomy":"post_tag","embeddable":true,"href":"https:\/\/zsp12.gliwice.pl\/pm7\/wp-json\/wp\/v2\/tags?post=5046"}],"curies":[{"name":"wp","href":"https:\/\/api.w.org\/{rel}","templated":true}]}}