{"id":5040,"date":"2021-03-23T17:44:57","date_gmt":"2021-03-23T16:44:57","guid":{"rendered":"http:\/\/zsp12.gliwice.pl\/pm7\/?p=5040"},"modified":"2025-06-03T07:09:10","modified_gmt":"2025-06-03T05:09:10","slug":"wyroznienie-dla-koniczynek","status":"publish","type":"post","link":"https:\/\/zsp12.gliwice.pl\/pm7\/blog\/2021\/03\/23\/wyroznienie-dla-koniczynek\/","title":{"rendered":"Wyr\u00f3\u017cnienie dla Koniczynek"},"content":{"rendered":"<p style=\"font-weight: 400;text-align: left\"><em>Nasi ch\u0142opcy wyr\u00f3\u017cnieni!<\/em><\/p>\n<p style=\"font-weight: 400;text-align: left\"><em>Filip, Miko\u0142aj, Ja\u015b i Mateusz&nbsp; z grupy \u201eKoniczynek\u201d otrzymali wyr\u00f3\u017cnienie za udzia\u0142 w konkursie plastycznym&nbsp;&nbsp;\u201eUbranko dla misia\u201d organizowanego w listopadzie 2020 przez Bibliotek\u0119 Szkoln\u0105 z okazji tradycyjnego \u015awi\u0119ta Pluszowego Misia. Ch\u0142opcy otrzymali&nbsp;&nbsp;dyplomy i odblaski&nbsp;<\/em><em>Serdecznie gratulujemy!<\/em><em><br \/>\n<\/em><\/p>\n<p style=\"text-align: right\"><em>Aleksandra Janik<\/em><\/p>\n<p><img loading=\"lazy\" decoding=\"async\" class=\"wp-image-5041 size-medium\" src=\"http:\/\/zsp12.gliwice.pl\/pm7\/wp-content\/uploads\/sites\/7\/2021\/03\/img_20201123_135305-165x300.jpg\" alt=\"\" width=\"165\" height=\"300\" srcset=\"https:\/\/zsp12.gliwice.pl\/pm7\/wp-content\/uploads\/sites\/7\/2021\/03\/img_20201123_135305-165x300.jpg 165w, https:\/\/zsp12.gliwice.pl\/pm7\/wp-content\/uploads\/sites\/7\/2021\/03\/img_20201123_135305-768x1392.jpg 768w, https:\/\/zsp12.gliwice.pl\/pm7\/wp-content\/uploads\/sites\/7\/2021\/03\/img_20201123_135305-565x1024.jpg 565w, https:\/\/zsp12.gliwice.pl\/pm7\/wp-content\/uploads\/sites\/7\/2021\/03\/img_20201123_135305-13x24.jpg 13w, https:\/\/zsp12.gliwice.pl\/pm7\/wp-content\/uploads\/sites\/7\/2021\/03\/img_20201123_135305-20x36.jpg 20w, https:\/\/zsp12.gliwice.pl\/pm7\/wp-content\/uploads\/sites\/7\/2021\/03\/img_20201123_135305-26x48.jpg 26w\" sizes=\"(max-width: 165px) 100vw, 165px\" \/><\/p>\n<p><img loading=\"lazy\" decoding=\"async\" class=\"aligncenter wp-image-5042 size-large\" src=\"http:\/\/zsp12.gliwice.pl\/pm7\/wp-content\/uploads\/sites\/7\/2021\/03\/1616256170113-1024x766.jpg\" alt=\"\" width=\"640\" height=\"479\" srcset=\"https:\/\/zsp12.gliwice.pl\/pm7\/wp-content\/uploads\/sites\/7\/2021\/03\/1616256170113-1024x766.jpg 1024w, https:\/\/zsp12.gliwice.pl\/pm7\/wp-content\/uploads\/sites\/7\/2021\/03\/1616256170113-300x224.jpg 300w, https:\/\/zsp12.gliwice.pl\/pm7\/wp-content\/uploads\/sites\/7\/2021\/03\/1616256170113-768x575.jpg 768w, https:\/\/zsp12.gliwice.pl\/pm7\/wp-content\/uploads\/sites\/7\/2021\/03\/1616256170113-24x18.jpg 24w, https:\/\/zsp12.gliwice.pl\/pm7\/wp-content\/uploads\/sites\/7\/2021\/03\/1616256170113-36x27.jpg 36w, https:\/\/zsp12.gliwice.pl\/pm7\/wp-content\/uploads\/sites\/7\/2021\/03\/1616256170113-48x36.jpg 48w\" sizes=\"(max-width: 640px) 100vw, 640px\" \/><\/p>\n","protected":false},"excerpt":{"rendered":"<p>Nasi ch\u0142opcy wyr\u00f3\u017cnieni! Filip, Miko\u0142aj, Ja\u015b i Mateusz&nbsp; z grupy \u201eKoniczynek\u201d otrzymali wyr\u00f3\u017cnienie za udzia\u0142 w konkursie plastycznym&nbsp;&nbsp;\u201eUbranko dla misia\u201d&#8230;<\/p>\n","protected":false},"author":2,"featured_media":5042,"comment_status":"open","ping_status":"open","sticky":false,"template":"","format":"standard","meta":{"inline_featured_image":false,"ngg_post_thumbnail":0,"footnotes":""},"categories":[33,17],"tags":[],"class_list":["post-5040","post","type-post","status-publish","format-standard","has-post-thumbnail","hentry","category-archiwum-pm7","category-informacje"],"_links":{"self":[{"href":"https:\/\/zsp12.gliwice.pl\/pm7\/wp-json\/wp\/v2\/posts\/5040"}],"collection":[{"href":"https:\/\/zsp12.gliwice.pl\/pm7\/wp-json\/wp\/v2\/posts"}],"about":[{"href":"https:\/\/zsp12.gliwice.pl\/pm7\/wp-json\/wp\/v2\/types\/post"}],"author":[{"embeddable":true,"href":"https:\/\/zsp12.gliwice.pl\/pm7\/wp-json\/wp\/v2\/users\/2"}],"replies":[{"embeddable":true,"href":"https:\/\/zsp12.gliwice.pl\/pm7\/wp-json\/wp\/v2\/comments?post=5040"}],"version-history":[{"count":2,"href":"https:\/\/zsp12.gliwice.pl\/pm7\/wp-json\/wp\/v2\/posts\/5040\/revisions"}],"predecessor-version":[{"id":5044,"href":"https:\/\/zsp12.gliwice.pl\/pm7\/wp-json\/wp\/v2\/posts\/5040\/revisions\/5044"}],"wp:featuredmedia":[{"embeddable":true,"href":"https:\/\/zsp12.gliwice.pl\/pm7\/wp-json\/wp\/v2\/media\/5042"}],"wp:attachment":[{"href":"https:\/\/zsp12.gliwice.pl\/pm7\/wp-json\/wp\/v2\/media?parent=5040"}],"wp:term":[{"taxonomy":"category","embeddable":true,"href":"https:\/\/zsp12.gliwice.pl\/pm7\/wp-json\/wp\/v2\/categories?post=5040"},{"taxonomy":"post_tag","embeddable":true,"href":"https:\/\/zsp12.gliwice.pl\/pm7\/wp-json\/wp\/v2\/tags?post=5040"}],"curies":[{"name":"wp","href":"https:\/\/api.w.org\/{rel}","templated":true}]}}