{"id":5006,"date":"2021-03-23T17:41:34","date_gmt":"2021-03-23T16:41:34","guid":{"rendered":"http:\/\/zsp12.gliwice.pl\/pm7\/?p=5006"},"modified":"2025-06-03T07:09:10","modified_gmt":"2025-06-03T05:09:10","slug":"wiosna-w-pm7","status":"publish","type":"post","link":"https:\/\/zsp12.gliwice.pl\/pm7\/blog\/2021\/03\/23\/wiosna-w-pm7\/","title":{"rendered":"Wiosna w PM7"},"content":{"rendered":"<p style=\"font-weight: 400\"><em>Poniewa\u017c pierwszy dzie\u0144 Wiosny przypada w niedziel\u0119,&nbsp;&nbsp;Koniczynki nie zamierza\u0142y czeka\u0107 do poniedzia\u0142ku z uroczystym jej powitaniem. Wszyscy mieli\u015bmy nadziej\u0119, \u017ce wcze\u015bniejsze powitanie wiosny przy\u015bpieszy jej przyj\u015bcie. Jednak zgodnie z przys\u0142owiem \u201eW marcu jak w garncu\u201d pogoda w pi\u0105tek,&nbsp;19 marca przynios\u0142a wszystkie pory roku.<\/em><\/p>\n<p style=\"font-weight: 400\"><em>Koniczynki&nbsp;&nbsp;rozpocz\u0119\u0142y dzie\u0144 od przygotowania element\u00f3w&nbsp;&nbsp;do dekoracji sukni Pani Wiosny. Pracuj\u0105c w ma\u0142ych grupach wycinali\u015bmy szablony kolorowych kwiatk\u00f3w i listk\u00f3w, kt\u00f3re naklejali\u015bmy na przygotowany szablon g\u0142\u00f3wnej postaci tego szczeg\u00f3lnego dnia.<\/em><\/p>\n<p style=\"font-weight: 400\"><em>Jako najstarsze przedszkolaki zaprosili\u015bmy&nbsp;&nbsp;do wsp\u00f3lnego \u015bwi\u0119towania wszystkie grupy. Przygotowali\u015bmy Marzann\u0119, z kt\u00f3r\u0105 przeszli\u015bmy w uroczystym korowodzie wok\u00f3\u0142 przedszkola. Wiosenne zabawy muzyczne i piosenki, kt\u00f3re \u015bpiewali\u015bmy sprawi\u0142y, \u017ce na chwilk\u0119 zza chmur wysz\u0142o s\u0142o\u0144ce . Tradycyjny gaik wiosenny i plakaty Pani Wiosny wykonane wcze\u015bniej symbolizowa\u0142y now\u0105 por\u0119 roku, na kt\u00f3r\u0105 z ut\u0119sknieniem czekali\u015bmy.<\/em><\/p>\n<p style=\"font-weight: 400\"><em>Witaj Wiosno???<\/em><\/p>\n<p style=\"text-align: right\"><em>Aleksandra Janik<\/em><\/p>\nngg_shortcode_0_placeholder\n","protected":false},"excerpt":{"rendered":"<p>Poniewa\u017c pierwszy dzie\u0144 Wiosny przypada w niedziel\u0119,&nbsp;&nbsp;Koniczynki nie zamierza\u0142y czeka\u0107 do poniedzia\u0142ku z uroczystym jej powitaniem. Wszyscy mieli\u015bmy nadziej\u0119, \u017ce&#8230;<\/p>\n","protected":false},"author":2,"featured_media":5038,"comment_status":"open","ping_status":"open","sticky":false,"template":"","format":"standard","meta":{"inline_featured_image":false,"ngg_post_thumbnail":0,"footnotes":""},"categories":[33,4],"tags":[],"class_list":["post-5006","post","type-post","status-publish","format-standard","has-post-thumbnail","hentry","category-archiwum-pm7","category-wydarzenia"],"_links":{"self":[{"href":"https:\/\/zsp12.gliwice.pl\/pm7\/wp-json\/wp\/v2\/posts\/5006"}],"collection":[{"href":"https:\/\/zsp12.gliwice.pl\/pm7\/wp-json\/wp\/v2\/posts"}],"about":[{"href":"https:\/\/zsp12.gliwice.pl\/pm7\/wp-json\/wp\/v2\/types\/post"}],"author":[{"embeddable":true,"href":"https:\/\/zsp12.gliwice.pl\/pm7\/wp-json\/wp\/v2\/users\/2"}],"replies":[{"embeddable":true,"href":"https:\/\/zsp12.gliwice.pl\/pm7\/wp-json\/wp\/v2\/comments?post=5006"}],"version-history":[{"count":1,"href":"https:\/\/zsp12.gliwice.pl\/pm7\/wp-json\/wp\/v2\/posts\/5006\/revisions"}],"predecessor-version":[{"id":5039,"href":"https:\/\/zsp12.gliwice.pl\/pm7\/wp-json\/wp\/v2\/posts\/5006\/revisions\/5039"}],"wp:featuredmedia":[{"embeddable":true,"href":"https:\/\/zsp12.gliwice.pl\/pm7\/wp-json\/wp\/v2\/media\/5038"}],"wp:attachment":[{"href":"https:\/\/zsp12.gliwice.pl\/pm7\/wp-json\/wp\/v2\/media?parent=5006"}],"wp:term":[{"taxonomy":"category","embeddable":true,"href":"https:\/\/zsp12.gliwice.pl\/pm7\/wp-json\/wp\/v2\/categories?post=5006"},{"taxonomy":"post_tag","embeddable":true,"href":"https:\/\/zsp12.gliwice.pl\/pm7\/wp-json\/wp\/v2\/tags?post=5006"}],"curies":[{"name":"wp","href":"https:\/\/api.w.org\/{rel}","templated":true}]}}