{"id":5000,"date":"2021-03-22T17:02:44","date_gmt":"2021-03-22T16:02:44","guid":{"rendered":"http:\/\/zsp12.gliwice.pl\/pm7\/?p=5000"},"modified":"2025-06-03T07:09:10","modified_gmt":"2025-06-03T05:09:10","slug":"wirusoochrona","status":"publish","type":"post","link":"https:\/\/zsp12.gliwice.pl\/pm7\/blog\/2021\/03\/22\/wirusoochrona\/","title":{"rendered":"#wirusoochrona"},"content":{"rendered":"<p>Nasze Przedszkole bierze udzia\u0142 w akcji informacyjno-edukacyjnej zainicjowanej przez \u015al\u0105skiego Pa\u0144stwowego Wojew\u00f3dzkiego Inspektora Sanitarnego \u201eWirusoochrona\u201d.<br \/>\nW tym tygodniu zaprezentujemy Dzieciom zaj\u0119cia przypominaj\u0105ce o przestrzeganiu zasad higieny, utrwalaj\u0105ce nawyki prozdrowotne. Zapraszamy do wsp\u00f3lnej nauki rymowanek z naszych plakat\u00f3w \ud83d\ude09<\/p>\n<p><img loading=\"lazy\" decoding=\"async\" class=\"aligncenter wp-image-5001 size-large\" src=\"http:\/\/zsp12.gliwice.pl\/pm7\/wp-content\/uploads\/sites\/7\/2021\/03\/PLAKAT-WIRUSOOCHRONA-1-1-1024x724.jpg\" alt=\"\" width=\"640\" height=\"453\" srcset=\"https:\/\/zsp12.gliwice.pl\/pm7\/wp-content\/uploads\/sites\/7\/2021\/03\/PLAKAT-WIRUSOOCHRONA-1-1-1024x724.jpg 1024w, https:\/\/zsp12.gliwice.pl\/pm7\/wp-content\/uploads\/sites\/7\/2021\/03\/PLAKAT-WIRUSOOCHRONA-1-1-300x212.jpg 300w, https:\/\/zsp12.gliwice.pl\/pm7\/wp-content\/uploads\/sites\/7\/2021\/03\/PLAKAT-WIRUSOOCHRONA-1-1-768x543.jpg 768w, https:\/\/zsp12.gliwice.pl\/pm7\/wp-content\/uploads\/sites\/7\/2021\/03\/PLAKAT-WIRUSOOCHRONA-1-1-24x17.jpg 24w, https:\/\/zsp12.gliwice.pl\/pm7\/wp-content\/uploads\/sites\/7\/2021\/03\/PLAKAT-WIRUSOOCHRONA-1-1-36x25.jpg 36w, https:\/\/zsp12.gliwice.pl\/pm7\/wp-content\/uploads\/sites\/7\/2021\/03\/PLAKAT-WIRUSOOCHRONA-1-1-48x34.jpg 48w\" sizes=\"(max-width: 640px) 100vw, 640px\" \/><\/p>\n<p><img loading=\"lazy\" decoding=\"async\" class=\"aligncenter wp-image-5002 size-large\" src=\"http:\/\/zsp12.gliwice.pl\/pm7\/wp-content\/uploads\/sites\/7\/2021\/03\/PLAKAT-WIRUSOOCHRONA-2-1-1024x724.jpg\" alt=\"\" width=\"640\" height=\"453\" srcset=\"https:\/\/zsp12.gliwice.pl\/pm7\/wp-content\/uploads\/sites\/7\/2021\/03\/PLAKAT-WIRUSOOCHRONA-2-1-1024x724.jpg 1024w, https:\/\/zsp12.gliwice.pl\/pm7\/wp-content\/uploads\/sites\/7\/2021\/03\/PLAKAT-WIRUSOOCHRONA-2-1-300x212.jpg 300w, https:\/\/zsp12.gliwice.pl\/pm7\/wp-content\/uploads\/sites\/7\/2021\/03\/PLAKAT-WIRUSOOCHRONA-2-1-768x543.jpg 768w, https:\/\/zsp12.gliwice.pl\/pm7\/wp-content\/uploads\/sites\/7\/2021\/03\/PLAKAT-WIRUSOOCHRONA-2-1-24x17.jpg 24w, https:\/\/zsp12.gliwice.pl\/pm7\/wp-content\/uploads\/sites\/7\/2021\/03\/PLAKAT-WIRUSOOCHRONA-2-1-36x25.jpg 36w, https:\/\/zsp12.gliwice.pl\/pm7\/wp-content\/uploads\/sites\/7\/2021\/03\/PLAKAT-WIRUSOOCHRONA-2-1-48x34.jpg 48w\" sizes=\"(max-width: 640px) 100vw, 640px\" \/><\/p>\n","protected":false},"excerpt":{"rendered":"<p>Nasze Przedszkole bierze udzia\u0142 w akcji informacyjno-edukacyjnej zainicjowanej przez \u015al\u0105skiego Pa\u0144stwowego Wojew\u00f3dzkiego Inspektora Sanitarnego \u201eWirusoochrona\u201d. W tym tygodniu zaprezentujemy Dzieciom&#8230;<\/p>\n","protected":false},"author":2,"featured_media":5002,"comment_status":"open","ping_status":"open","sticky":false,"template":"","format":"standard","meta":{"inline_featured_image":false,"ngg_post_thumbnail":0,"footnotes":""},"categories":[33,17],"tags":[],"class_list":["post-5000","post","type-post","status-publish","format-standard","has-post-thumbnail","hentry","category-archiwum-pm7","category-informacje"],"_links":{"self":[{"href":"https:\/\/zsp12.gliwice.pl\/pm7\/wp-json\/wp\/v2\/posts\/5000"}],"collection":[{"href":"https:\/\/zsp12.gliwice.pl\/pm7\/wp-json\/wp\/v2\/posts"}],"about":[{"href":"https:\/\/zsp12.gliwice.pl\/pm7\/wp-json\/wp\/v2\/types\/post"}],"author":[{"embeddable":true,"href":"https:\/\/zsp12.gliwice.pl\/pm7\/wp-json\/wp\/v2\/users\/2"}],"replies":[{"embeddable":true,"href":"https:\/\/zsp12.gliwice.pl\/pm7\/wp-json\/wp\/v2\/comments?post=5000"}],"version-history":[{"count":1,"href":"https:\/\/zsp12.gliwice.pl\/pm7\/wp-json\/wp\/v2\/posts\/5000\/revisions"}],"predecessor-version":[{"id":5003,"href":"https:\/\/zsp12.gliwice.pl\/pm7\/wp-json\/wp\/v2\/posts\/5000\/revisions\/5003"}],"wp:featuredmedia":[{"embeddable":true,"href":"https:\/\/zsp12.gliwice.pl\/pm7\/wp-json\/wp\/v2\/media\/5002"}],"wp:attachment":[{"href":"https:\/\/zsp12.gliwice.pl\/pm7\/wp-json\/wp\/v2\/media?parent=5000"}],"wp:term":[{"taxonomy":"category","embeddable":true,"href":"https:\/\/zsp12.gliwice.pl\/pm7\/wp-json\/wp\/v2\/categories?post=5000"},{"taxonomy":"post_tag","embeddable":true,"href":"https:\/\/zsp12.gliwice.pl\/pm7\/wp-json\/wp\/v2\/tags?post=5000"}],"curies":[{"name":"wp","href":"https:\/\/api.w.org\/{rel}","templated":true}]}}