{"id":4956,"date":"2021-03-18T17:54:45","date_gmt":"2021-03-18T16:54:45","guid":{"rendered":"http:\/\/zsp12.gliwice.pl\/pm7\/?p=4956"},"modified":"2025-06-03T07:09:10","modified_gmt":"2025-06-03T05:09:10","slug":"dzien-sw-partyka-w-pm7","status":"publish","type":"post","link":"https:\/\/zsp12.gliwice.pl\/pm7\/blog\/2021\/03\/18\/dzien-sw-partyka-w-pm7\/","title":{"rendered":"Dzie\u0144 \u015bw. Partyka w PM7"},"content":{"rendered":"<p><em>17 marca w Naszym przedszkolu obchodzili\u015bmy irlandzkie \u015bwi\u0119to narodowe \u2013 Dzie\u0144 \u015awi\u0119tego Patryka. Obowi\u0105zuj\u0105cym kolorem tego dnia by\u0142 zielony nawi\u0105zuj\u0105cy do trawiastego krajobrazu Irlandii i symbolizuj\u0105cy koniczyn\u0119. Przedszkolaki szuka\u0142y ukrytych koniczynek, pozna\u0142y histori\u0119 \u015bw. Patryka oraz Leperchauna, mia\u0142y okazje r\u00f3wnie\u017c pozna\u0107 tradycje zwi\u0105zane obchodami zielonego \u015bwi\u0119ta w Irlandii.<\/em><\/p>\n<p><img loading=\"lazy\" decoding=\"async\" class=\"aligncenter wp-image-4992 size-full\" src=\"http:\/\/zsp12.gliwice.pl\/pm7\/wp-content\/uploads\/sites\/7\/2021\/03\/20210318_175130.gif\" alt=\"\" width=\"640\" height=\"480\"><\/p>\n<p style=\"text-align: right\"><em>Katarzyna Szymanek<\/em><\/p>\nngg_shortcode_0_placeholder\n<hr>\n<div><em>17 marca obchodzili\u015bmy&nbsp; dzie\u0144 \u015awi\u0119tego Patryka. \u015awi\u0119to narodowe Irlandii, jego tradycyjne obchody, barwne korowody, konkursy i tradycje mogli\u015bmy pozna\u0107 ogl\u0105daj\u0105c prezentacje multimedialn\u0105. Wys\u0142uchali\u015bmy tak\u017ce historii \u015aw. Patryka, poznali\u015bmy skrzata Leprechaun oraz pr\u00f3bowali\u015bmy stepowa\u0107 w rytm irlandzkiej muzyki.<\/em><\/div>\n<div><em>Nie zabrak\u0142o r\u00f3wnie\u017c ciekawych zada\u0144 zwi\u0105zanych z obchodem tego \u015awi\u0119ta, rozwi\u0105zywali\u015bmy obrazkowe sudoku, \u0142\u0105czyli\u015bmy litery zgodnie z kolejno\u015bci\u0105 w alfabecie tworz\u0105c skrzata oraz ozdabiali\u015bmy tradycyjn\u0105 trzylistn\u0105 koniczynk\u0119. Ubrani na zielono, z koniczynkowymi opaskami na g\u0142owie \u015bwietnie si\u0119 bawili\u015bmy.<\/em><\/div>\n<div style=\"text-align: right\"><em>Aleksandra Janik<\/em><\/div>\n<div>\nngg_shortcode_1_placeholder\n<\/div>\n<div><hr>\n<p><em>Podczas obchod\u00f3w w zwi\u0105zku z Dniem \u015awi\u0119tego Patryka dzieci pozna\u0142y Irlandi\u0119 &#8211; krajobraz oraz charakterystyczn\u0105 muzyk\u0119 tego kraju. Dodatkowo zobaczy\u0142y kr\u00f3tki filmik jak wygl\u0105da\u0142a w tym pa\u0144stwie organizowana w poprzednich latach uroczysta parada. Kolor zielony towarzyszy\u0142 dzieciom podczas zaj\u0119\u0107 i zabaw. Zosta\u0142a wykonana karta grafomotoryczna przedstawiaj\u0105ca koniczynk\u0119. Symbol ten dzieci poszukiwa\u0142y r\u00f3wnie\u017c w sali przedszkolnej zamieniaj\u0105c si\u0119 w ma\u0142ych detektyw\u00f3w. Prze\u0107wiczona zosta\u0142a tak\u017ce orientacyjna przestrzenna dzieci.<\/em><\/p>\n<p style=\"text-align: right\"><em>Natalia Staszk\u00f3w<\/em><\/p>\nngg_shortcode_2_placeholder\n<\/div>\n\n\n<p><\/p>\n","protected":false},"excerpt":{"rendered":"<p>17 marca w Naszym przedszkolu obchodzili\u015bmy irlandzkie \u015bwi\u0119to narodowe \u2013 Dzie\u0144 \u015awi\u0119tego Patryka. Obowi\u0105zuj\u0105cym kolorem tego dnia by\u0142 zielony nawi\u0105zuj\u0105cy&#8230;<\/p>\n","protected":false},"author":2,"featured_media":4973,"comment_status":"open","ping_status":"open","sticky":false,"template":"","format":"standard","meta":{"inline_featured_image":false,"ngg_post_thumbnail":0,"footnotes":""},"categories":[33,4],"tags":[],"class_list":["post-4956","post","type-post","status-publish","format-standard","has-post-thumbnail","hentry","category-archiwum-pm7","category-wydarzenia"],"_links":{"self":[{"href":"https:\/\/zsp12.gliwice.pl\/pm7\/wp-json\/wp\/v2\/posts\/4956"}],"collection":[{"href":"https:\/\/zsp12.gliwice.pl\/pm7\/wp-json\/wp\/v2\/posts"}],"about":[{"href":"https:\/\/zsp12.gliwice.pl\/pm7\/wp-json\/wp\/v2\/types\/post"}],"author":[{"embeddable":true,"href":"https:\/\/zsp12.gliwice.pl\/pm7\/wp-json\/wp\/v2\/users\/2"}],"replies":[{"embeddable":true,"href":"https:\/\/zsp12.gliwice.pl\/pm7\/wp-json\/wp\/v2\/comments?post=4956"}],"version-history":[{"count":7,"href":"https:\/\/zsp12.gliwice.pl\/pm7\/wp-json\/wp\/v2\/posts\/4956\/revisions"}],"predecessor-version":[{"id":5078,"href":"https:\/\/zsp12.gliwice.pl\/pm7\/wp-json\/wp\/v2\/posts\/4956\/revisions\/5078"}],"wp:featuredmedia":[{"embeddable":true,"href":"https:\/\/zsp12.gliwice.pl\/pm7\/wp-json\/wp\/v2\/media\/4973"}],"wp:attachment":[{"href":"https:\/\/zsp12.gliwice.pl\/pm7\/wp-json\/wp\/v2\/media?parent=4956"}],"wp:term":[{"taxonomy":"category","embeddable":true,"href":"https:\/\/zsp12.gliwice.pl\/pm7\/wp-json\/wp\/v2\/categories?post=4956"},{"taxonomy":"post_tag","embeddable":true,"href":"https:\/\/zsp12.gliwice.pl\/pm7\/wp-json\/wp\/v2\/tags?post=4956"}],"curies":[{"name":"wp","href":"https:\/\/api.w.org\/{rel}","templated":true}]}}