{"id":4947,"date":"2021-03-08T16:48:54","date_gmt":"2021-03-08T15:48:54","guid":{"rendered":"http:\/\/zsp12.gliwice.pl\/pm7\/?p=4947"},"modified":"2025-06-03T07:07:22","modified_gmt":"2025-06-03T05:07:22","slug":"nabor-do-panstwowej-szkoly-muzycznej-i-i-ii-stopnia-im-ludomira-rozyckiego-w-gliwicach","status":"publish","type":"post","link":"https:\/\/zsp12.gliwice.pl\/pm7\/blog\/2021\/03\/08\/nabor-do-panstwowej-szkoly-muzycznej-i-i-ii-stopnia-im-ludomira-rozyckiego-w-gliwicach\/","title":{"rendered":"Nab\u00f3r do Pa\u0144stwowej Szko\u0142y Muzycznej I i II stopnia im. Ludomira R\u00f3\u017cyckiego w Gliwicach"},"content":{"rendered":"<p>Zapraszamy do zapoznania si\u0119 z ofert\u0105:<\/p>\n<p><a href=\"http:\/\/zsp12.gliwice.pl\/pm7\/wp-content\/uploads\/sites\/7\/2021\/03\/plakat_rekrutacja_2021_2022_PSM_Ist.pdf\">plakat_rekrutacja_2021_2022_PSM_Ist<\/a><\/p>\n<p><a href=\"http:\/\/zsp12.gliwice.pl\/pm7\/wp-content\/uploads\/sites\/7\/2021\/03\/plakat_rekrutacja_2021_2022_PSM_IIst.pdf\">plakat_rekrutacja_2021_2022_PSM_IIst<\/a><\/p>\n","protected":false},"excerpt":{"rendered":"<p>Zapraszamy do zapoznania si\u0119 z ofert\u0105: plakat_rekrutacja_2021_2022_PSM_Ist plakat_rekrutacja_2021_2022_PSM_IIst<\/p>\n","protected":false},"author":2,"featured_media":4950,"comment_status":"open","ping_status":"open","sticky":false,"template":"","format":"standard","meta":{"inline_featured_image":false,"ngg_post_thumbnail":0,"footnotes":""},"categories":[33,17],"tags":[],"class_list":["post-4947","post","type-post","status-publish","format-standard","has-post-thumbnail","hentry","category-archiwum-pm7","category-informacje"],"_links":{"self":[{"href":"https:\/\/zsp12.gliwice.pl\/pm7\/wp-json\/wp\/v2\/posts\/4947"}],"collection":[{"href":"https:\/\/zsp12.gliwice.pl\/pm7\/wp-json\/wp\/v2\/posts"}],"about":[{"href":"https:\/\/zsp12.gliwice.pl\/pm7\/wp-json\/wp\/v2\/types\/post"}],"author":[{"embeddable":true,"href":"https:\/\/zsp12.gliwice.pl\/pm7\/wp-json\/wp\/v2\/users\/2"}],"replies":[{"embeddable":true,"href":"https:\/\/zsp12.gliwice.pl\/pm7\/wp-json\/wp\/v2\/comments?post=4947"}],"version-history":[{"count":1,"href":"https:\/\/zsp12.gliwice.pl\/pm7\/wp-json\/wp\/v2\/posts\/4947\/revisions"}],"predecessor-version":[{"id":4951,"href":"https:\/\/zsp12.gliwice.pl\/pm7\/wp-json\/wp\/v2\/posts\/4947\/revisions\/4951"}],"wp:featuredmedia":[{"embeddable":true,"href":"https:\/\/zsp12.gliwice.pl\/pm7\/wp-json\/wp\/v2\/media\/4950"}],"wp:attachment":[{"href":"https:\/\/zsp12.gliwice.pl\/pm7\/wp-json\/wp\/v2\/media?parent=4947"}],"wp:term":[{"taxonomy":"category","embeddable":true,"href":"https:\/\/zsp12.gliwice.pl\/pm7\/wp-json\/wp\/v2\/categories?post=4947"},{"taxonomy":"post_tag","embeddable":true,"href":"https:\/\/zsp12.gliwice.pl\/pm7\/wp-json\/wp\/v2\/tags?post=4947"}],"curies":[{"name":"wp","href":"https:\/\/api.w.org\/{rel}","templated":true}]}}