{"id":4899,"date":"2021-03-01T21:52:53","date_gmt":"2021-03-01T20:52:53","guid":{"rendered":"http:\/\/zsp12.gliwice.pl\/pm7\/?p=4899"},"modified":"2025-06-03T07:07:22","modified_gmt":"2025-06-03T05:07:22","slug":"dzien-dinozaura","status":"publish","type":"post","link":"https:\/\/zsp12.gliwice.pl\/pm7\/blog\/2021\/03\/01\/dzien-dinozaura\/","title":{"rendered":"Dzie\u0144 Dinozaura"},"content":{"rendered":"<p><em>26 lutego obchodzili\u015bmy w grupie Koniczynek Dzie\u0144 Dinozaura. Wiersze o tej tematyce wprowadzi\u0142y nas w \u015bwiat prehistorii. Piosenka tematyczna, kt\u00f3rej nauczyli\u015bmy si\u0119 towarzyszy\u0142a nam przez ca\u0142y dzie\u0144. Wykonali\u015bmy ciekawe prace plastyczne, kt\u00f3re umie\u015bcili\u015bmy w naszej galerii. Stali\u015bmy si\u0119 r\u00f3wnie\u017c paleontologami, poszczeg\u00f3lne grupy badaczy mia\u0142y za zadanie wykopa\u0107 zasypane w piasku dinozaura.<\/em><\/p>\n<p style=\"text-align: right\"><em>Aleksandra Janik<\/em><\/p>\nngg_shortcode_0_placeholder\n","protected":false},"excerpt":{"rendered":"<p>26 lutego obchodzili\u015bmy w grupie Koniczynek Dzie\u0144 Dinozaura. Wiersze o tej tematyce wprowadzi\u0142y nas w \u015bwiat prehistorii. Piosenka tematyczna, kt\u00f3rej&#8230;<\/p>\n","protected":false},"author":2,"featured_media":4914,"comment_status":"open","ping_status":"open","sticky":false,"template":"","format":"standard","meta":{"inline_featured_image":false,"ngg_post_thumbnail":0,"footnotes":""},"categories":[33,4],"tags":[],"class_list":["post-4899","post","type-post","status-publish","format-standard","has-post-thumbnail","hentry","category-archiwum-pm7","category-wydarzenia"],"_links":{"self":[{"href":"https:\/\/zsp12.gliwice.pl\/pm7\/wp-json\/wp\/v2\/posts\/4899"}],"collection":[{"href":"https:\/\/zsp12.gliwice.pl\/pm7\/wp-json\/wp\/v2\/posts"}],"about":[{"href":"https:\/\/zsp12.gliwice.pl\/pm7\/wp-json\/wp\/v2\/types\/post"}],"author":[{"embeddable":true,"href":"https:\/\/zsp12.gliwice.pl\/pm7\/wp-json\/wp\/v2\/users\/2"}],"replies":[{"embeddable":true,"href":"https:\/\/zsp12.gliwice.pl\/pm7\/wp-json\/wp\/v2\/comments?post=4899"}],"version-history":[{"count":1,"href":"https:\/\/zsp12.gliwice.pl\/pm7\/wp-json\/wp\/v2\/posts\/4899\/revisions"}],"predecessor-version":[{"id":4915,"href":"https:\/\/zsp12.gliwice.pl\/pm7\/wp-json\/wp\/v2\/posts\/4899\/revisions\/4915"}],"wp:featuredmedia":[{"embeddable":true,"href":"https:\/\/zsp12.gliwice.pl\/pm7\/wp-json\/wp\/v2\/media\/4914"}],"wp:attachment":[{"href":"https:\/\/zsp12.gliwice.pl\/pm7\/wp-json\/wp\/v2\/media?parent=4899"}],"wp:term":[{"taxonomy":"category","embeddable":true,"href":"https:\/\/zsp12.gliwice.pl\/pm7\/wp-json\/wp\/v2\/categories?post=4899"},{"taxonomy":"post_tag","embeddable":true,"href":"https:\/\/zsp12.gliwice.pl\/pm7\/wp-json\/wp\/v2\/tags?post=4899"}],"curies":[{"name":"wp","href":"https:\/\/api.w.org\/{rel}","templated":true}]}}