{"id":4551,"date":"2020-12-22T17:03:39","date_gmt":"2020-12-22T16:03:39","guid":{"rendered":"http:\/\/zsp12.gliwice.pl\/pm7\/?p=4551"},"modified":"2025-06-03T07:07:22","modified_gmt":"2025-06-03T05:07:22","slug":"konkurs-fotograficzno-kulinarny","status":"publish","type":"post","link":"https:\/\/zsp12.gliwice.pl\/pm7\/blog\/2020\/12\/22\/konkurs-fotograficzno-kulinarny\/","title":{"rendered":"Konkurs fotograficzno-kulinarny"},"content":{"rendered":"<p><img loading=\"lazy\" decoding=\"async\" class=\"wp-image-4554 size-large aligncenter\" src=\"http:\/\/zsp12.gliwice.pl\/pm7\/wp-content\/uploads\/sites\/7\/2020\/12\/1-724x1024.jpg\" alt=\"\" width=\"640\" height=\"905\" srcset=\"https:\/\/zsp12.gliwice.pl\/pm7\/wp-content\/uploads\/sites\/7\/2020\/12\/1-724x1024.jpg 724w, https:\/\/zsp12.gliwice.pl\/pm7\/wp-content\/uploads\/sites\/7\/2020\/12\/1-212x300.jpg 212w, https:\/\/zsp12.gliwice.pl\/pm7\/wp-content\/uploads\/sites\/7\/2020\/12\/1-768x1086.jpg 768w, https:\/\/zsp12.gliwice.pl\/pm7\/wp-content\/uploads\/sites\/7\/2020\/12\/1-17x24.jpg 17w, https:\/\/zsp12.gliwice.pl\/pm7\/wp-content\/uploads\/sites\/7\/2020\/12\/1-25x36.jpg 25w, https:\/\/zsp12.gliwice.pl\/pm7\/wp-content\/uploads\/sites\/7\/2020\/12\/1-34x48.jpg 34w, https:\/\/zsp12.gliwice.pl\/pm7\/wp-content\/uploads\/sites\/7\/2020\/12\/1.jpg 1587w\" sizes=\"(max-width: 640px) 100vw, 640px\" \/><\/p>\n<p style=\"text-align: center\"><em>Moi drodzy, Moi mili,<\/em><\/p>\n<p style=\"text-align: center\"><em>Co\u015b niezwyk\u0142ego!<\/em><\/p>\n<p style=\"text-align: center\"><em>Tu\u017c przed \u015bwi\u0119tami Zesp\u00f3\u0142 Szkolno-Przedszkolny organizuje konkurs fotograficzno-kulinarny.<\/em><\/p>\n<p style=\"text-align: center\"><em>Drodzy Rodzice, dzieci i uczniowie Waszym zadaniem jest przygotowanie pierog\u00f3w z wybranego przepisu, kt\u00f3ry&nbsp; pochodzi z Naszej ksi\u0105\u017ceczki kucharskiej, opublikowanej poni\u017cej.<\/em><\/p>\n<p style=\"text-align: center\"><a href=\"http:\/\/zsp12.gliwice.pl\/pm7\/wp-content\/uploads\/sites\/7\/2020\/12\/KSI\u0104\u017bKA-KUCHARKSA.pdf\">KSI\u0104\u017bKA KUCHARKSA<\/a><\/p>\n<p style=\"text-align: center\"><em>W drugiej kolejno\u015bci nale\u017cy wykona\u0107 zdj\u0119cie swojego kulinarnego dzia\u0142a i wys\u0142a\u0107 na podany adres mailowy.<\/em><\/p>\n<p style=\"text-align: center\"><em>Cel jest r\u00f3wnoznacznie jedn\u0105 z nagr\u00f3d.<\/em><\/p>\n<p style=\"text-align: center\"><em>&nbsp;Osoby, kt\u00f3rych zdj\u0119cia wygraj\u0105 b\u0119d\u0105 mieli okazj\u0119 ogl\u0105da\u0107 je w wydanej ksi\u0105\u017cce kucharskiej!!!<\/em><\/p>\n<p style=\"text-align: center\"><em>Serdecznie zach\u0119cam do wzi\u0119cia udzia\u0142u w tym konkursie!&nbsp;<\/em><\/p>\n<p><img loading=\"lazy\" decoding=\"async\" class=\"wp-image-4552 size-large aligncenter\" src=\"http:\/\/zsp12.gliwice.pl\/pm7\/wp-content\/uploads\/sites\/7\/2020\/12\/2-724x1024.jpg\" alt=\"\" width=\"640\" height=\"905\" srcset=\"https:\/\/zsp12.gliwice.pl\/pm7\/wp-content\/uploads\/sites\/7\/2020\/12\/2-724x1024.jpg 724w, https:\/\/zsp12.gliwice.pl\/pm7\/wp-content\/uploads\/sites\/7\/2020\/12\/2-212x300.jpg 212w, https:\/\/zsp12.gliwice.pl\/pm7\/wp-content\/uploads\/sites\/7\/2020\/12\/2-768x1086.jpg 768w, https:\/\/zsp12.gliwice.pl\/pm7\/wp-content\/uploads\/sites\/7\/2020\/12\/2-17x24.jpg 17w, https:\/\/zsp12.gliwice.pl\/pm7\/wp-content\/uploads\/sites\/7\/2020\/12\/2-25x36.jpg 25w, https:\/\/zsp12.gliwice.pl\/pm7\/wp-content\/uploads\/sites\/7\/2020\/12\/2-34x48.jpg 34w, https:\/\/zsp12.gliwice.pl\/pm7\/wp-content\/uploads\/sites\/7\/2020\/12\/2.jpg 1587w\" sizes=\"(max-width: 640px) 100vw, 640px\" \/><\/p>\n","protected":false},"excerpt":{"rendered":"<p>Moi drodzy, Moi mili, Co\u015b niezwyk\u0142ego! Tu\u017c przed \u015bwi\u0119tami Zesp\u00f3\u0142 Szkolno-Przedszkolny organizuje konkurs fotograficzno-kulinarny. Drodzy Rodzice, dzieci i uczniowie Waszym&#8230;<\/p>\n","protected":false},"author":2,"featured_media":4554,"comment_status":"open","ping_status":"open","sticky":false,"template":"","format":"standard","meta":{"inline_featured_image":false,"ngg_post_thumbnail":0,"footnotes":""},"categories":[33,17],"tags":[],"class_list":["post-4551","post","type-post","status-publish","format-standard","has-post-thumbnail","hentry","category-archiwum-pm7","category-informacje"],"_links":{"self":[{"href":"https:\/\/zsp12.gliwice.pl\/pm7\/wp-json\/wp\/v2\/posts\/4551"}],"collection":[{"href":"https:\/\/zsp12.gliwice.pl\/pm7\/wp-json\/wp\/v2\/posts"}],"about":[{"href":"https:\/\/zsp12.gliwice.pl\/pm7\/wp-json\/wp\/v2\/types\/post"}],"author":[{"embeddable":true,"href":"https:\/\/zsp12.gliwice.pl\/pm7\/wp-json\/wp\/v2\/users\/2"}],"replies":[{"embeddable":true,"href":"https:\/\/zsp12.gliwice.pl\/pm7\/wp-json\/wp\/v2\/comments?post=4551"}],"version-history":[{"count":2,"href":"https:\/\/zsp12.gliwice.pl\/pm7\/wp-json\/wp\/v2\/posts\/4551\/revisions"}],"predecessor-version":[{"id":4558,"href":"https:\/\/zsp12.gliwice.pl\/pm7\/wp-json\/wp\/v2\/posts\/4551\/revisions\/4558"}],"wp:featuredmedia":[{"embeddable":true,"href":"https:\/\/zsp12.gliwice.pl\/pm7\/wp-json\/wp\/v2\/media\/4554"}],"wp:attachment":[{"href":"https:\/\/zsp12.gliwice.pl\/pm7\/wp-json\/wp\/v2\/media?parent=4551"}],"wp:term":[{"taxonomy":"category","embeddable":true,"href":"https:\/\/zsp12.gliwice.pl\/pm7\/wp-json\/wp\/v2\/categories?post=4551"},{"taxonomy":"post_tag","embeddable":true,"href":"https:\/\/zsp12.gliwice.pl\/pm7\/wp-json\/wp\/v2\/tags?post=4551"}],"curies":[{"name":"wp","href":"https:\/\/api.w.org\/{rel}","templated":true}]}}