{"id":4539,"date":"2020-12-21T16:47:37","date_gmt":"2020-12-21T15:47:37","guid":{"rendered":"http:\/\/zsp12.gliwice.pl\/pm7\/?p=4539"},"modified":"2025-06-03T07:07:22","modified_gmt":"2025-06-03T05:07:22","slug":"wesolych-swiat","status":"publish","type":"post","link":"https:\/\/zsp12.gliwice.pl\/pm7\/blog\/2020\/12\/21\/wesolych-swiat\/","title":{"rendered":"Weso\u0142ych \u015awi\u0105t!"},"content":{"rendered":"<p style=\"text-align: center\">&nbsp;<\/p>\n<p><a href=\"https:\/\/view.genial.ly\/5fde12086157fe0d6918b1c4\/presentation-pm7-bozenarodzenie-2020\"><img loading=\"lazy\" decoding=\"async\" class=\"aligncenter wp-image-4540 size-large\" src=\"http:\/\/zsp12.gliwice.pl\/pm7\/wp-content\/uploads\/sites\/7\/2020\/12\/Jasnoniebieska-Choinki-i-Gwiazdy-Bo\u017ce-Narodzenie-Artystyczna-Kartka-1024x727.jpg\" alt=\"\" width=\"640\" height=\"454\" srcset=\"https:\/\/zsp12.gliwice.pl\/pm7\/wp-content\/uploads\/sites\/7\/2020\/12\/Jasnoniebieska-Choinki-i-Gwiazdy-Bo\u017ce-Narodzenie-Artystyczna-Kartka-1024x727.jpg 1024w, https:\/\/zsp12.gliwice.pl\/pm7\/wp-content\/uploads\/sites\/7\/2020\/12\/Jasnoniebieska-Choinki-i-Gwiazdy-Bo\u017ce-Narodzenie-Artystyczna-Kartka-300x213.jpg 300w, https:\/\/zsp12.gliwice.pl\/pm7\/wp-content\/uploads\/sites\/7\/2020\/12\/Jasnoniebieska-Choinki-i-Gwiazdy-Bo\u017ce-Narodzenie-Artystyczna-Kartka-768x545.jpg 768w, https:\/\/zsp12.gliwice.pl\/pm7\/wp-content\/uploads\/sites\/7\/2020\/12\/Jasnoniebieska-Choinki-i-Gwiazdy-Bo\u017ce-Narodzenie-Artystyczna-Kartka-24x17.jpg 24w, https:\/\/zsp12.gliwice.pl\/pm7\/wp-content\/uploads\/sites\/7\/2020\/12\/Jasnoniebieska-Choinki-i-Gwiazdy-Bo\u017ce-Narodzenie-Artystyczna-Kartka-36x26.jpg 36w, https:\/\/zsp12.gliwice.pl\/pm7\/wp-content\/uploads\/sites\/7\/2020\/12\/Jasnoniebieska-Choinki-i-Gwiazdy-Bo\u017ce-Narodzenie-Artystyczna-Kartka-48x34.jpg 48w, https:\/\/zsp12.gliwice.pl\/pm7\/wp-content\/uploads\/sites\/7\/2020\/12\/Jasnoniebieska-Choinki-i-Gwiazdy-Bo\u017ce-Narodzenie-Artystyczna-Kartka.jpg 1747w\" sizes=\"(max-width: 640px) 100vw, 640px\" \/><\/a><\/p>\n<p style=\"text-align: center\">&nbsp;<\/p>\n","protected":false},"excerpt":{"rendered":"<p>&nbsp; &nbsp;<\/p>\n","protected":false},"author":2,"featured_media":4540,"comment_status":"open","ping_status":"open","sticky":false,"template":"","format":"standard","meta":{"inline_featured_image":false,"ngg_post_thumbnail":0,"footnotes":""},"categories":[33,17],"tags":[],"class_list":["post-4539","post","type-post","status-publish","format-standard","has-post-thumbnail","hentry","category-archiwum-pm7","category-informacje"],"_links":{"self":[{"href":"https:\/\/zsp12.gliwice.pl\/pm7\/wp-json\/wp\/v2\/posts\/4539"}],"collection":[{"href":"https:\/\/zsp12.gliwice.pl\/pm7\/wp-json\/wp\/v2\/posts"}],"about":[{"href":"https:\/\/zsp12.gliwice.pl\/pm7\/wp-json\/wp\/v2\/types\/post"}],"author":[{"embeddable":true,"href":"https:\/\/zsp12.gliwice.pl\/pm7\/wp-json\/wp\/v2\/users\/2"}],"replies":[{"embeddable":true,"href":"https:\/\/zsp12.gliwice.pl\/pm7\/wp-json\/wp\/v2\/comments?post=4539"}],"version-history":[{"count":1,"href":"https:\/\/zsp12.gliwice.pl\/pm7\/wp-json\/wp\/v2\/posts\/4539\/revisions"}],"predecessor-version":[{"id":4541,"href":"https:\/\/zsp12.gliwice.pl\/pm7\/wp-json\/wp\/v2\/posts\/4539\/revisions\/4541"}],"wp:featuredmedia":[{"embeddable":true,"href":"https:\/\/zsp12.gliwice.pl\/pm7\/wp-json\/wp\/v2\/media\/4540"}],"wp:attachment":[{"href":"https:\/\/zsp12.gliwice.pl\/pm7\/wp-json\/wp\/v2\/media?parent=4539"}],"wp:term":[{"taxonomy":"category","embeddable":true,"href":"https:\/\/zsp12.gliwice.pl\/pm7\/wp-json\/wp\/v2\/categories?post=4539"},{"taxonomy":"post_tag","embeddable":true,"href":"https:\/\/zsp12.gliwice.pl\/pm7\/wp-json\/wp\/v2\/tags?post=4539"}],"curies":[{"name":"wp","href":"https:\/\/api.w.org\/{rel}","templated":true}]}}