{"id":3944,"date":"2020-11-06T17:20:24","date_gmt":"2020-11-06T16:20:24","guid":{"rendered":"http:\/\/zsp12.gliwice.pl\/pm7\/?p=3944"},"modified":"2025-06-03T07:06:16","modified_gmt":"2025-06-03T05:06:16","slug":"konkurs-plastyczny-moj-niezwykly-rozaniec","status":"publish","type":"post","link":"https:\/\/zsp12.gliwice.pl\/pm7\/blog\/2020\/11\/06\/konkurs-plastyczny-moj-niezwykly-rozaniec\/","title":{"rendered":"Konkurs plastyczny \u201eM\u00f3j niezwyk\u0142y r\u00f3\u017caniec\u201d"},"content":{"rendered":"<p><em>Mi\u0142o nam poinformowa\u0107, \u017ce w parafialno-szkolnym konkursie plastycznym \u201eM\u00f3j niezwyk\u0142y r\u00f3\u017caniec\u201d w trzech kategoriach wiekowych, wzi\u0119\u0142o udzia\u0142 blisko 60 uczestnik\u00f3w. Uczniowie mieli za zadanie wykona\u0107 w\u0142asnor\u0119cznie r\u00f3\u017caniec z r\u00f3\u017cnorodnych trwa\u0142ych materia\u0142\u00f3w. Wszystkie r\u00f3\u017ca\u0144ce by\u0142y bardzo starannie wykonane, wi\u0119c wy\u0142onienie laureat\u00f3w by\u0142o nie lada wyzwaniem. Jury stara\u0142o si\u0119 oceni\u0107 prace pod wzgl\u0119dem poprawno\u015bci wykonania r\u00f3\u017ca\u0144ca, jego cech estetycznych, pomys\u0142owo\u015bci oraz w\u0142o\u017conego wk\u0142adu pracy.<\/em><\/p>\n<p><em>Wyniki konkursu prezentuj\u0105 si\u0119 nast\u0119puj\u0105co:&nbsp;&nbsp;&nbsp;&nbsp;&nbsp;&nbsp;&nbsp;&nbsp;&nbsp;&nbsp; <\/em><\/p>\n<ol>\n<li><em>a) przedszkole: <\/em><br \/>\n<em>\u2013 1 miejsce: Anna i Jakub \u2013 (Tropiciele i Odkrywcy),<\/em><br \/>\n<em>\u2013 2 miejsce: Natalia \u2013 (Koniczynki),<\/em><br \/>\n<em>\u2013 3 miejsce: Filip \u2013 (Koniczynki),<\/em><\/li>\n<\/ol>\n<p><em>\u2013 wyr\u00f3\u017cnienie: Agata &nbsp;i Kornelia (Chmurki).<\/em><\/p>\n<ol>\n<li><em>b) klasy I-III:<\/em><br \/>\n<em>\u2013 1 miejsce: Franciszek \u2013 (kl. 1B)<\/em><br \/>\n<em>\u2013 2 miejsce: Aleksandra \u2013 (kl. 3A)<\/em><br \/>\n<em>\u2013 3 Miejsce: Tomasz \u2013 (kl. 1B) oraz Julianna \u2013 (kl. 1A)<\/em><\/li>\n<\/ol>\n<p><em>\u2013 wyr\u00f3\u017cnienie: Lilianna \u2013 (kl. 1A), Hanna \u2013 (kl. 1C), Maksymilian \u2013 (kl. 2B), Nikodem \u2013 (kl.&nbsp;2B), Leon \u2013 (kl. 2C), Jakub \u2013 (kl. 2C), Szymon \u2013 (kl. 2C).<\/em><\/p>\n<ol>\n<li><em>c) klasy IV-VII:<\/em><br \/>\n<em>\u2013 1 miejsce: Martyna \u2013 (kl. 6B),<\/em><br \/>\n<em>\u2013 2 miejsce: Oliwia \u2013 (kl. 7A),<\/em><\/li>\n<\/ol>\n<p><em>\u2013 3 miejsce: Julia \u2013 (kl.6B),<\/em><\/p>\n<p><em>\u2013 wyr\u00f3\u017cnienie: Mateusz \u2013 (kl. 4A) i Wojciech \u2013 (kl. 7A).<\/em><em>&nbsp; &nbsp; &nbsp; &nbsp; &nbsp; &nbsp;<\/em><\/p>\n<p><em>R\u00f3\u017ca\u0144ce mo\u017cna ogl\u0105da\u0107 do 11 listopada na wystawie w naszym ko\u015bciele \u2013 pw. Chrystusa Kr\u00f3la w&nbsp;Gliwicach.<\/em><\/p>\n<p><em>Jeszcze raz dzi\u0119kujemy wszystkim uczniom za udzia\u0142 w zabawie, a rodzicom i bliskim za umo\u017cliwienie dzieciom uczestnictwa w konkursie i zmotywowanie ich do pracy !!!&nbsp;<\/em><\/p>\nngg_shortcode_0_placeholder\n","protected":false},"excerpt":{"rendered":"<p>Mi\u0142o nam poinformowa\u0107, \u017ce w parafialno-szkolnym konkursie plastycznym \u201eM\u00f3j niezwyk\u0142y r\u00f3\u017caniec\u201d w trzech kategoriach wiekowych, wzi\u0119\u0142o udzia\u0142 blisko 60 uczestnik\u00f3w&#8230;.<\/p>\n","protected":false},"author":2,"featured_media":3953,"comment_status":"open","ping_status":"open","sticky":false,"template":"","format":"standard","meta":{"inline_featured_image":false,"ngg_post_thumbnail":0,"footnotes":""},"categories":[33,4],"tags":[],"class_list":["post-3944","post","type-post","status-publish","format-standard","has-post-thumbnail","hentry","category-archiwum-pm7","category-wydarzenia"],"_links":{"self":[{"href":"https:\/\/zsp12.gliwice.pl\/pm7\/wp-json\/wp\/v2\/posts\/3944"}],"collection":[{"href":"https:\/\/zsp12.gliwice.pl\/pm7\/wp-json\/wp\/v2\/posts"}],"about":[{"href":"https:\/\/zsp12.gliwice.pl\/pm7\/wp-json\/wp\/v2\/types\/post"}],"author":[{"embeddable":true,"href":"https:\/\/zsp12.gliwice.pl\/pm7\/wp-json\/wp\/v2\/users\/2"}],"replies":[{"embeddable":true,"href":"https:\/\/zsp12.gliwice.pl\/pm7\/wp-json\/wp\/v2\/comments?post=3944"}],"version-history":[{"count":1,"href":"https:\/\/zsp12.gliwice.pl\/pm7\/wp-json\/wp\/v2\/posts\/3944\/revisions"}],"predecessor-version":[{"id":3954,"href":"https:\/\/zsp12.gliwice.pl\/pm7\/wp-json\/wp\/v2\/posts\/3944\/revisions\/3954"}],"wp:featuredmedia":[{"embeddable":true,"href":"https:\/\/zsp12.gliwice.pl\/pm7\/wp-json\/wp\/v2\/media\/3953"}],"wp:attachment":[{"href":"https:\/\/zsp12.gliwice.pl\/pm7\/wp-json\/wp\/v2\/media?parent=3944"}],"wp:term":[{"taxonomy":"category","embeddable":true,"href":"https:\/\/zsp12.gliwice.pl\/pm7\/wp-json\/wp\/v2\/categories?post=3944"},{"taxonomy":"post_tag","embeddable":true,"href":"https:\/\/zsp12.gliwice.pl\/pm7\/wp-json\/wp\/v2\/tags?post=3944"}],"curies":[{"name":"wp","href":"https:\/\/api.w.org\/{rel}","templated":true}]}}