{"id":3850,"date":"2020-10-09T18:17:19","date_gmt":"2020-10-09T16:17:19","guid":{"rendered":"http:\/\/zsp12.gliwice.pl\/pm7\/?p=3850"},"modified":"2025-06-03T07:06:16","modified_gmt":"2025-06-03T05:06:16","slug":"europejski-dzien-jezykow","status":"publish","type":"post","link":"https:\/\/zsp12.gliwice.pl\/pm7\/blog\/2020\/10\/09\/europejski-dzien-jezykow\/","title":{"rendered":"Europejski Dzie\u0144 J\u0119zyk\u00f3w"},"content":{"rendered":"<p><em>Europejski Dzie\u0144 J\u0119zyk\u00f3w, to mi\u0119dzynarodowe \u015bwi\u0119to, ustanowione z inicjatywy Rady Europy, obchodzone w ca\u0142ej Europie corocznie 26 wrze\u015bnia. Jego celem jest zach\u0119cenie Europejczyk\u00f3w do nauki j\u0119zyk\u00f3w obcych oraz propagowanie zalet r\u00f3\u017cnorodno\u015bci j\u0119zykowej.<\/em><\/p>\n<p><em>W tym roku przedszkolaki r\u00f3wnie\u017c \u015bwi\u0119towa\u0142y ten wspania\u0142y dzie\u0144 poznaj\u0105c nasz kontynent \u2013 Europ\u0119 oraz brzmienie j\u0119zyk\u00f3w europejskich na podstawie znanej melodii \u201ePanie Janie\u201d. Ka\u017cda z grup wzi\u0119\u0142a r\u00f3wnie\u017c udzia\u0142 w konkursie plastycznym, kt\u00f3ry polega\u0142 na kreatywnym ozdobieniu wyrazu HELLO. Po analizie wszystkich zebranych prac, uda\u0142o si\u0119 wy\u0142oni\u0107 zwyci\u0119zc\u00f3w:<\/em><\/p>\n<p style=\"text-align: center\"><strong><em>I miejsce \u2013 grupa Koniczynki<\/em><\/strong><br \/>\n<strong><em>II miejsce \u2013 grupa Odkrywcy<\/em><\/strong><br \/>\n<strong><em>III miejsce \u2013 grupa Tropiciele<\/em><\/strong><\/p>\n<p style=\"text-align: center\"><strong><em>Wyr\u00f3\u017cnienie \u2013 grupa: S\u0142oneczek oraz Poszukiwaczy<\/em><\/strong><\/p>\n<p style=\"text-align: center\"><em>Serdecznie gratulujemy!<\/em><\/p>\n<p style=\"text-align: right\"><em>Katarzyna Szymanek<\/em><\/p>\nngg_shortcode_0_placeholder\n","protected":false},"excerpt":{"rendered":"<p>Europejski Dzie\u0144 J\u0119zyk\u00f3w, to mi\u0119dzynarodowe \u015bwi\u0119to, ustanowione z inicjatywy Rady Europy, obchodzone w ca\u0142ej Europie corocznie 26 wrze\u015bnia. Jego celem&#8230;<\/p>\n","protected":false},"author":2,"featured_media":3879,"comment_status":"open","ping_status":"open","sticky":false,"template":"","format":"standard","meta":{"inline_featured_image":false,"ngg_post_thumbnail":0,"footnotes":""},"categories":[33,4],"tags":[],"class_list":["post-3850","post","type-post","status-publish","format-standard","has-post-thumbnail","hentry","category-archiwum-pm7","category-wydarzenia"],"_links":{"self":[{"href":"https:\/\/zsp12.gliwice.pl\/pm7\/wp-json\/wp\/v2\/posts\/3850"}],"collection":[{"href":"https:\/\/zsp12.gliwice.pl\/pm7\/wp-json\/wp\/v2\/posts"}],"about":[{"href":"https:\/\/zsp12.gliwice.pl\/pm7\/wp-json\/wp\/v2\/types\/post"}],"author":[{"embeddable":true,"href":"https:\/\/zsp12.gliwice.pl\/pm7\/wp-json\/wp\/v2\/users\/2"}],"replies":[{"embeddable":true,"href":"https:\/\/zsp12.gliwice.pl\/pm7\/wp-json\/wp\/v2\/comments?post=3850"}],"version-history":[{"count":2,"href":"https:\/\/zsp12.gliwice.pl\/pm7\/wp-json\/wp\/v2\/posts\/3850\/revisions"}],"predecessor-version":[{"id":3880,"href":"https:\/\/zsp12.gliwice.pl\/pm7\/wp-json\/wp\/v2\/posts\/3850\/revisions\/3880"}],"wp:featuredmedia":[{"embeddable":true,"href":"https:\/\/zsp12.gliwice.pl\/pm7\/wp-json\/wp\/v2\/media\/3879"}],"wp:attachment":[{"href":"https:\/\/zsp12.gliwice.pl\/pm7\/wp-json\/wp\/v2\/media?parent=3850"}],"wp:term":[{"taxonomy":"category","embeddable":true,"href":"https:\/\/zsp12.gliwice.pl\/pm7\/wp-json\/wp\/v2\/categories?post=3850"},{"taxonomy":"post_tag","embeddable":true,"href":"https:\/\/zsp12.gliwice.pl\/pm7\/wp-json\/wp\/v2\/tags?post=3850"}],"curies":[{"name":"wp","href":"https:\/\/api.w.org\/{rel}","templated":true}]}}