{"id":3805,"date":"2020-10-28T15:32:23","date_gmt":"2020-10-28T14:32:23","guid":{"rendered":"http:\/\/zsp12.gliwice.pl\/pm7\/?p=3805"},"modified":"2025-06-03T07:06:16","modified_gmt":"2025-06-03T05:06:16","slug":"dzien-przedszkolaka-w-pm7","status":"publish","type":"post","link":"https:\/\/zsp12.gliwice.pl\/pm7\/blog\/2020\/10\/28\/dzien-przedszkolaka-w-pm7\/","title":{"rendered":"Dzie\u0144 Przedszkolaka w PM7"},"content":{"rendered":"<p><em>21 wrze\u015bnia w Przedszkolu Miejskim nr 7 odby\u0142 si\u0119 Og\u00f3lnopolski Dzie\u0144 Przedszkolaka. \u015awi\u0119to o wieloletniej tradycji, ustanowiono w celu popularyzacji wychowania przedszkolnego oraz zwr\u00f3cenia uwagi na szczeg\u00f3lne znaczenie wczesnego okresu edukacji w \u017cyciu dziecka. Grono pedagogiczne PM7 kultywowa\u0142o przedszkolne zwyczaje poprzez coroczne atrakcje- zabawy i konkursy, w kt\u00f3rych uczestnictwo mia\u0142o wywo\u0142a\u0107 u\u015bmiech oraz pobudzi\u0107 dzieci do tw\u00f3rczego dzia\u0142ania. Z uwagi na niesprzyjaj\u0105ce okoliczno\u015bci spowodowane epidemi\u0105, ka\u017cda z grup celebrowa\u0142a niezwyk\u0142y dzie\u0144 w swojej sali. Pomimo trudnej sytuacji, podopiecznych nie opuszcza\u0142a pogoda ducha. Dzie\u0144 Przedszkolaka rozpocz\u0105\u0142 si\u0119 &#8220;Hymnem Przedszkolaka&#8221;. Nie zabrak\u0142o r\u00f3wnie\u017c ciekawych prac plastycznych, medali, dyplom\u00f3w, rado\u015bci i u\u015bmiech\u00f3w. Zwie\u0144czeniem zabawy by\u0142o skr\u0119canie wybranych zwierz\u0105tek z modelinowych balon\u00f3w. \u017byczymy naszym przedszkolakom aby czerpanie zadowolenia z uczestnictwa w edukacji przedszkolnej nigdy nie opuszcza\u0142o podopiecznych PM7!<\/em><\/p>\n<p style=\"text-align: right\"><em>Kamila Ko\u0142odziej<\/em><\/p>\nngg_shortcode_0_placeholder\n","protected":false},"excerpt":{"rendered":"<p>21 wrze\u015bnia w Przedszkolu Miejskim nr 7 odby\u0142 si\u0119 Og\u00f3lnopolski Dzie\u0144 Przedszkolaka. \u015awi\u0119to o wieloletniej tradycji, ustanowiono w celu popularyzacji&#8230;<\/p>\n","protected":false},"author":2,"featured_media":3838,"comment_status":"open","ping_status":"open","sticky":false,"template":"","format":"standard","meta":{"inline_featured_image":false,"ngg_post_thumbnail":0,"footnotes":""},"categories":[33,4],"tags":[],"class_list":["post-3805","post","type-post","status-publish","format-standard","has-post-thumbnail","hentry","category-archiwum-pm7","category-wydarzenia"],"_links":{"self":[{"href":"https:\/\/zsp12.gliwice.pl\/pm7\/wp-json\/wp\/v2\/posts\/3805"}],"collection":[{"href":"https:\/\/zsp12.gliwice.pl\/pm7\/wp-json\/wp\/v2\/posts"}],"about":[{"href":"https:\/\/zsp12.gliwice.pl\/pm7\/wp-json\/wp\/v2\/types\/post"}],"author":[{"embeddable":true,"href":"https:\/\/zsp12.gliwice.pl\/pm7\/wp-json\/wp\/v2\/users\/2"}],"replies":[{"embeddable":true,"href":"https:\/\/zsp12.gliwice.pl\/pm7\/wp-json\/wp\/v2\/comments?post=3805"}],"version-history":[{"count":1,"href":"https:\/\/zsp12.gliwice.pl\/pm7\/wp-json\/wp\/v2\/posts\/3805\/revisions"}],"predecessor-version":[{"id":3837,"href":"https:\/\/zsp12.gliwice.pl\/pm7\/wp-json\/wp\/v2\/posts\/3805\/revisions\/3837"}],"wp:featuredmedia":[{"embeddable":true,"href":"https:\/\/zsp12.gliwice.pl\/pm7\/wp-json\/wp\/v2\/media\/3838"}],"wp:attachment":[{"href":"https:\/\/zsp12.gliwice.pl\/pm7\/wp-json\/wp\/v2\/media?parent=3805"}],"wp:term":[{"taxonomy":"category","embeddable":true,"href":"https:\/\/zsp12.gliwice.pl\/pm7\/wp-json\/wp\/v2\/categories?post=3805"},{"taxonomy":"post_tag","embeddable":true,"href":"https:\/\/zsp12.gliwice.pl\/pm7\/wp-json\/wp\/v2\/tags?post=3805"}],"curies":[{"name":"wp","href":"https:\/\/api.w.org\/{rel}","templated":true}]}}