{"id":3772,"date":"2020-09-16T20:23:33","date_gmt":"2020-09-16T18:23:33","guid":{"rendered":"http:\/\/zsp12.gliwice.pl\/pm7\/?p=3772"},"modified":"2025-06-03T07:06:16","modified_gmt":"2025-06-03T05:06:16","slug":"dzien-kropki-15-09","status":"publish","type":"post","link":"https:\/\/zsp12.gliwice.pl\/pm7\/blog\/2020\/09\/16\/dzien-kropki-15-09\/","title":{"rendered":"Dzie\u0144 Kropki &#8211; 15.09"},"content":{"rendered":"<p><em>15 wrze\u015bnia obchodzili\u015bmy w naszym Przedszkolu Mi\u0119dzynarodowy Dzie\u0144 Kropki.<br \/>\n<\/em><em>To \u015bwi\u0119to, kt\u00f3re stwarza okazj\u0119 do budowania pewno\u015bci siebie, odkrywania talent\u00f3w i pobudzania wyobra\u017ani dzieci. Przedszkolaki pozna\u0142y histori\u0119 ma\u0142ej, nie\u015bmia\u0142ej bohaterki opowiadania Petera Reynoldsa&nbsp; &#8211; Vashti, kt\u00f3ra uwierzy\u0142a w siebie i odkry\u0142a sw\u00f3j talent.<br \/>\n<\/em><em>Dzieci mia\u0142y okazj\u0119 do zaprezentowania swoich mocnych stron, dowiedzia\u0142y si\u0119, \u017ce nie nale\u017cy si\u0119 poddawa\u0107, \u017ce nale\u017cy \u0107wiczy\u0107 i doskonali\u0107 swoje umiej\u0119tno\u015bci, ale r\u00f3wnie\u017c czasem trzeba si\u0119 pogodzi\u0107 z pora\u017ck\u0105.<br \/>\n<\/em><em>Zabawy i zaj\u0119cia w tym szczeg\u00f3lnym dniu kr\u0119ci\u0142y si\u0119 wok\u00f3\u0142 kropki. M\u0142odsze dzieci malowa\u0142y i kolorowa\u0142y kropki, starsze przelicza\u0142y kropki na biedronkach i tworzy\u0142y w\u0142asny kropkowy \u015bwiat.<br \/>\n<\/em><em>Koniczynki rysowa\u0142y kred\u0105 swoje kolorowe kropki na chodnikach wok\u00f3\u0142 przedszkola.<br \/>\n<\/em><em>Wszystkie dzieci otrzyma\u0142y pami\u0105tkowe dyplomy.<\/em><\/p>\n<p style=\"text-align: right\"><em>Aleksandra Janik<\/em><\/p>\nngg_shortcode_0_placeholder\n","protected":false},"excerpt":{"rendered":"<p>15 wrze\u015bnia obchodzili\u015bmy w naszym Przedszkolu Mi\u0119dzynarodowy Dzie\u0144 Kropki. To \u015bwi\u0119to, kt\u00f3re stwarza okazj\u0119 do budowania pewno\u015bci siebie, odkrywania talent\u00f3w&#8230;<\/p>\n","protected":false},"author":2,"featured_media":3798,"comment_status":"open","ping_status":"open","sticky":false,"template":"","format":"standard","meta":{"inline_featured_image":false,"ngg_post_thumbnail":0,"footnotes":""},"categories":[33,4],"tags":[],"class_list":["post-3772","post","type-post","status-publish","format-standard","has-post-thumbnail","hentry","category-archiwum-pm7","category-wydarzenia"],"_links":{"self":[{"href":"https:\/\/zsp12.gliwice.pl\/pm7\/wp-json\/wp\/v2\/posts\/3772"}],"collection":[{"href":"https:\/\/zsp12.gliwice.pl\/pm7\/wp-json\/wp\/v2\/posts"}],"about":[{"href":"https:\/\/zsp12.gliwice.pl\/pm7\/wp-json\/wp\/v2\/types\/post"}],"author":[{"embeddable":true,"href":"https:\/\/zsp12.gliwice.pl\/pm7\/wp-json\/wp\/v2\/users\/2"}],"replies":[{"embeddable":true,"href":"https:\/\/zsp12.gliwice.pl\/pm7\/wp-json\/wp\/v2\/comments?post=3772"}],"version-history":[{"count":1,"href":"https:\/\/zsp12.gliwice.pl\/pm7\/wp-json\/wp\/v2\/posts\/3772\/revisions"}],"predecessor-version":[{"id":3799,"href":"https:\/\/zsp12.gliwice.pl\/pm7\/wp-json\/wp\/v2\/posts\/3772\/revisions\/3799"}],"wp:featuredmedia":[{"embeddable":true,"href":"https:\/\/zsp12.gliwice.pl\/pm7\/wp-json\/wp\/v2\/media\/3798"}],"wp:attachment":[{"href":"https:\/\/zsp12.gliwice.pl\/pm7\/wp-json\/wp\/v2\/media?parent=3772"}],"wp:term":[{"taxonomy":"category","embeddable":true,"href":"https:\/\/zsp12.gliwice.pl\/pm7\/wp-json\/wp\/v2\/categories?post=3772"},{"taxonomy":"post_tag","embeddable":true,"href":"https:\/\/zsp12.gliwice.pl\/pm7\/wp-json\/wp\/v2\/tags?post=3772"}],"curies":[{"name":"wp","href":"https:\/\/api.w.org\/{rel}","templated":true}]}}