{"id":3528,"date":"2020-04-28T09:00:21","date_gmt":"2020-04-28T07:00:21","guid":{"rendered":"http:\/\/zsp12.gliwice.pl\/pm7\/?p=3528"},"modified":"2025-06-03T07:02:31","modified_gmt":"2025-06-03T05:02:31","slug":"lista-osob-przyjetych-i-nieprzyjetych-do-pm7-w-zsp12-w-wyniku-procesu-rekrutacji-na-rok-szkolny-2020-2021","status":"publish","type":"post","link":"https:\/\/zsp12.gliwice.pl\/pm7\/blog\/2020\/04\/28\/lista-osob-przyjetych-i-nieprzyjetych-do-pm7-w-zsp12-w-wyniku-procesu-rekrutacji-na-rok-szkolny-2020-2021\/","title":{"rendered":"Lista os\u00f3b przyj\u0119tych i nieprzyj\u0119tych do PM7 w ZSP12 w wyniku procesu rekrutacji na rok szkolny 2020\/2021"},"content":{"rendered":"<p><em>Zgodnie z rozporz\u0105dzeniem MEN z dnia 25 marca 2020 r. zmieniaj\u0105cym rozporz\u0105dzenie w sprawie szczeg\u00f3lnych rozwi\u0105za\u0144 w okresie czasowego ograniczenia funkcjonowania jednostek systemu o\u015bwiaty w zwi\u0105zku z zapobieganiem, przeciwdzia\u0142aniem i zwalczaniem COVID-19 (Dz.U. 2020 poz. 530) podajemy do wiadomo\u015bci<strong> list\u0119 os\u00f3b przyj\u0119tych i nieprzyj\u0119tych do Przedszkola Miejskiego nr 7 z oddzia\u0142ami zamiejscowymi w Zespole Szkolno \u2013 Przedszkolnym nr 12 w wyniku procesu rekrutacji na rok szkolny 2020\/2021.<\/strong><\/em><\/p>\n<p style=\"text-align: center\"><em>&nbsp;<\/em><em><a href=\"http:\/\/zsp12.gliwice.pl\/wp-content\/uploads\/2020\/04\/lista-Przyj\u0119ci-i-nieprzyj\u0119ci.pdf\">lista &#8211; przyj\u0119ci i nieprzyj\u0119ci<\/a><\/em><\/p>\n<p><em>Rodzic\u00f3w dzieci przyj\u0119tych prosimy o \u015bledzenie strony internetowej po 20 sierpnia 2020r. Po tym terminie zostanie podana do wiadomo\u015bci informacja ma temat zebrania z rodzicami. <\/em><\/p>\n","protected":false},"excerpt":{"rendered":"<p>Zgodnie z rozporz\u0105dzeniem MEN z dnia 25 marca 2020 r. zmieniaj\u0105cym rozporz\u0105dzenie w sprawie szczeg\u00f3lnych rozwi\u0105za\u0144 w okresie czasowego ograniczenia&#8230;<\/p>\n","protected":false},"author":2,"featured_media":3510,"comment_status":"open","ping_status":"open","sticky":false,"template":"","format":"standard","meta":{"inline_featured_image":false,"ngg_post_thumbnail":0,"footnotes":""},"categories":[33,17],"tags":[],"class_list":["post-3528","post","type-post","status-publish","format-standard","has-post-thumbnail","hentry","category-archiwum-pm7","category-informacje"],"_links":{"self":[{"href":"https:\/\/zsp12.gliwice.pl\/pm7\/wp-json\/wp\/v2\/posts\/3528"}],"collection":[{"href":"https:\/\/zsp12.gliwice.pl\/pm7\/wp-json\/wp\/v2\/posts"}],"about":[{"href":"https:\/\/zsp12.gliwice.pl\/pm7\/wp-json\/wp\/v2\/types\/post"}],"author":[{"embeddable":true,"href":"https:\/\/zsp12.gliwice.pl\/pm7\/wp-json\/wp\/v2\/users\/2"}],"replies":[{"embeddable":true,"href":"https:\/\/zsp12.gliwice.pl\/pm7\/wp-json\/wp\/v2\/comments?post=3528"}],"version-history":[{"count":1,"href":"https:\/\/zsp12.gliwice.pl\/pm7\/wp-json\/wp\/v2\/posts\/3528\/revisions"}],"predecessor-version":[{"id":3529,"href":"https:\/\/zsp12.gliwice.pl\/pm7\/wp-json\/wp\/v2\/posts\/3528\/revisions\/3529"}],"wp:featuredmedia":[{"embeddable":true,"href":"https:\/\/zsp12.gliwice.pl\/pm7\/wp-json\/wp\/v2\/media\/3510"}],"wp:attachment":[{"href":"https:\/\/zsp12.gliwice.pl\/pm7\/wp-json\/wp\/v2\/media?parent=3528"}],"wp:term":[{"taxonomy":"category","embeddable":true,"href":"https:\/\/zsp12.gliwice.pl\/pm7\/wp-json\/wp\/v2\/categories?post=3528"},{"taxonomy":"post_tag","embeddable":true,"href":"https:\/\/zsp12.gliwice.pl\/pm7\/wp-json\/wp\/v2\/tags?post=3528"}],"curies":[{"name":"wp","href":"https:\/\/api.w.org\/{rel}","templated":true}]}}