{"id":3509,"date":"2020-04-16T09:00:46","date_gmt":"2020-04-16T07:00:46","guid":{"rendered":"http:\/\/zsp12.gliwice.pl\/pm7\/?p=3509"},"modified":"2025-06-03T07:02:31","modified_gmt":"2025-06-03T05:02:31","slug":"lista-osob-zakwalifikowanych-i-niezakwalifikowanych-do-przedszkola-miejskiego-nr-7-w-zsp-nr-12","status":"publish","type":"post","link":"https:\/\/zsp12.gliwice.pl\/pm7\/blog\/2020\/04\/16\/lista-osob-zakwalifikowanych-i-niezakwalifikowanych-do-przedszkola-miejskiego-nr-7-w-zsp-nr-12\/","title":{"rendered":"Lista os\u00f3b zakwalifikowanych i niezakwalifikowanych do Przedszkola Miejskiego nr 7 w ZSP nr 12"},"content":{"rendered":"<p><em>W zwi\u0105zku z obecn\u0105 sytuacj\u0105 w kraju, decyzj\u0105 organu prowadz\u0105cego oraz rozporz\u0105dzeniem MEN z dnia 25 marca 2020 r. zmieniaj\u0105ce rozporz\u0105dzenie w sprawie szczeg\u00f3lnych rozwi\u0105za\u0144 w okresie czasowego ograniczenia funkcjonowania jednostek systemu o\u015bwiaty w zwi\u0105zku z zapobieganiem, przeciwdzia\u0142aniem i zwalczaniem COVID-19 (Dz.U. 2020 poz. 530) podajemy do wiadomo\u015bci list\u0119 os\u00f3b zakwalifikowanych i niezakwalifikowanych do Przedszkola Miejskiego nr 7 z oddzia\u0142ami zamiejscowymi w Zespole Szkolno \u2013 Przedszkolnym nr 12 w wyniku procesu rekrutacji.<\/em><\/p>\n<p style=\"text-align: center\"><em>&nbsp;<a href=\"http:\/\/zsp12.gliwice.pl\/wp-content\/uploads\/2020\/04\/lista-Zakwalifikowani-i-niezakwalifikowani.pdf\">lista &#8211; Zakwalifikowani i niezakwalifikowani<\/a><\/em><\/p>\n<p style=\"text-align: left\"><em>Jednocze\u015bnie informujemy, \u017ce rodzice\/prawni opiekunowie kandydat\u00f3w zakwalifikowanych s\u0105 zobowi\u0105zani do potwierdzenia woli ucz\u0119szczania do jednostki <strong>do 24 kwietnia do godziny 15.00<\/strong>.&nbsp;<\/em><em style=\"text-align: center\"><u>Brak potwierdzenia we wskazanym terminie jest r\u00f3wnoznaczne z rezygnacj\u0105 z miejsca w jednostce.<\/u><\/em><\/p>\n<p style=\"text-align: center\"><em><a href=\"http:\/\/zsp12.gliwice.pl\/wp-content\/uploads\/2020\/04\/POTWIERDZENIE-WOLI.doc\">POTWIERDZENIE WOLI.doc<\/a><\/em><\/p>\n<p style=\"text-align: center\"><em><a href=\"http:\/\/zsp12.gliwice.pl\/wp-content\/uploads\/2020\/04\/POTWIERDZENIE-WOLI.pdf\">POTWIERDZENIE WOLI.pdf<\/a><\/em><\/p>\n<p><em>W zwi\u0105zku z powy\u017cszym nale\u017cy wype\u0142ni\u0107 zamieszczony powy\u017cej druk po\u015bwiadczenia woli lub wydrukowa\u0107, wype\u0142ni\u0107 wymagane pola, a nast\u0119pnie zeskanowa\u0107 lub sfotografowa\u0107. Wybrany przez Pa\u0144stwa spos\u00f3b po\u015bwiadczenia woli nale\u017cy przes\u0142a\u0107 na adres e -mail:&nbsp;<\/em><a href=\"mailto:sekretariat@zsp12.gliwice.eu\"><em>sekretariat@zsp12.gliwice.eu&nbsp;<\/em><\/a><em>w wyznaczonym terminie.<\/em><\/p>\n<p>&nbsp;<\/p>\n<p><a href=\"https:\/\/pl.freepik.com\/darmowe-wektory\/tlo-scena-z-whiteboard-i-zabawkami_7181913.htm#page=1&amp;query=przedszkole&amp;position=3\">Szko\u0142a plik wektorowy utworzone przez brgfx &#8211; pl.freepik.com<\/a><\/p>\n<p>&nbsp;<\/p>\n","protected":false},"excerpt":{"rendered":"<p>W zwi\u0105zku z obecn\u0105 sytuacj\u0105 w kraju, decyzj\u0105 organu prowadz\u0105cego oraz rozporz\u0105dzeniem MEN z dnia 25 marca 2020 r. zmieniaj\u0105ce&#8230;<\/p>\n","protected":false},"author":2,"featured_media":3510,"comment_status":"open","ping_status":"open","sticky":false,"template":"","format":"standard","meta":{"inline_featured_image":false,"ngg_post_thumbnail":0,"footnotes":""},"categories":[33,17],"tags":[],"class_list":["post-3509","post","type-post","status-publish","format-standard","has-post-thumbnail","hentry","category-archiwum-pm7","category-informacje"],"_links":{"self":[{"href":"https:\/\/zsp12.gliwice.pl\/pm7\/wp-json\/wp\/v2\/posts\/3509"}],"collection":[{"href":"https:\/\/zsp12.gliwice.pl\/pm7\/wp-json\/wp\/v2\/posts"}],"about":[{"href":"https:\/\/zsp12.gliwice.pl\/pm7\/wp-json\/wp\/v2\/types\/post"}],"author":[{"embeddable":true,"href":"https:\/\/zsp12.gliwice.pl\/pm7\/wp-json\/wp\/v2\/users\/2"}],"replies":[{"embeddable":true,"href":"https:\/\/zsp12.gliwice.pl\/pm7\/wp-json\/wp\/v2\/comments?post=3509"}],"version-history":[{"count":1,"href":"https:\/\/zsp12.gliwice.pl\/pm7\/wp-json\/wp\/v2\/posts\/3509\/revisions"}],"predecessor-version":[{"id":3511,"href":"https:\/\/zsp12.gliwice.pl\/pm7\/wp-json\/wp\/v2\/posts\/3509\/revisions\/3511"}],"wp:featuredmedia":[{"embeddable":true,"href":"https:\/\/zsp12.gliwice.pl\/pm7\/wp-json\/wp\/v2\/media\/3510"}],"wp:attachment":[{"href":"https:\/\/zsp12.gliwice.pl\/pm7\/wp-json\/wp\/v2\/media?parent=3509"}],"wp:term":[{"taxonomy":"category","embeddable":true,"href":"https:\/\/zsp12.gliwice.pl\/pm7\/wp-json\/wp\/v2\/categories?post=3509"},{"taxonomy":"post_tag","embeddable":true,"href":"https:\/\/zsp12.gliwice.pl\/pm7\/wp-json\/wp\/v2\/tags?post=3509"}],"curies":[{"name":"wp","href":"https:\/\/api.w.org\/{rel}","templated":true}]}}