{"id":3422,"date":"2020-03-11T07:01:04","date_gmt":"2020-03-11T06:01:04","guid":{"rendered":"http:\/\/zsp12.gliwice.pl\/pm7\/?p=3422"},"modified":"2025-06-03T07:02:12","modified_gmt":"2025-06-03T05:02:12","slug":"swiatowy-dzien-swiadomosci-autyzmu","status":"publish","type":"post","link":"https:\/\/zsp12.gliwice.pl\/pm7\/blog\/2020\/03\/11\/swiatowy-dzien-swiadomosci-autyzmu\/","title":{"rendered":"\u015awiatowy dzie\u0144 \u015bwiadomo\u015bci autyzmu"},"content":{"rendered":"<p><img loading=\"lazy\" decoding=\"async\" class=\"aligncenter wp-image-3423 size-large\" src=\"http:\/\/zsp12.gliwice.pl\/pm7\/wp-content\/uploads\/sites\/7\/2020\/03\/plakat-autyzm2012-696x1024.jpg\" alt=\"\" width=\"640\" height=\"942\" srcset=\"https:\/\/zsp12.gliwice.pl\/pm7\/wp-content\/uploads\/sites\/7\/2020\/03\/plakat-autyzm2012-696x1024.jpg 696w, https:\/\/zsp12.gliwice.pl\/pm7\/wp-content\/uploads\/sites\/7\/2020\/03\/plakat-autyzm2012-204x300.jpg 204w, https:\/\/zsp12.gliwice.pl\/pm7\/wp-content\/uploads\/sites\/7\/2020\/03\/plakat-autyzm2012-768x1130.jpg 768w, https:\/\/zsp12.gliwice.pl\/pm7\/wp-content\/uploads\/sites\/7\/2020\/03\/plakat-autyzm2012-16x24.jpg 16w, https:\/\/zsp12.gliwice.pl\/pm7\/wp-content\/uploads\/sites\/7\/2020\/03\/plakat-autyzm2012-24x36.jpg 24w, https:\/\/zsp12.gliwice.pl\/pm7\/wp-content\/uploads\/sites\/7\/2020\/03\/plakat-autyzm2012-33x48.jpg 33w, https:\/\/zsp12.gliwice.pl\/pm7\/wp-content\/uploads\/sites\/7\/2020\/03\/plakat-autyzm2012.jpg 2003w\" sizes=\"(max-width: 640px) 100vw, 640px\" \/><\/p>\n<p><em>2 kwietnia obchodzimy <strong>\u015awiatowy dzie\u0144 \u015bwiadomo\u015bci autyzmu<\/strong>. Zach\u0119camy do w\u0142\u0105czenia si\u0119 w akcj\u0119: <strong>Polska na niebiesko<\/strong>. Szczeg\u00f3\u0142y pod adresem fundacji JiM:&nbsp;<\/em><em><a href=\"https:\/\/www.polskananiebiesko.pl\/\">https:\/\/www.polskananiebiesko.pl\/<\/a><\/em><\/p>\n<p><img loading=\"lazy\" decoding=\"async\" class=\"aligncenter wp-image-3424 size-large\" src=\"http:\/\/zsp12.gliwice.pl\/pm7\/wp-content\/uploads\/sites\/7\/2020\/03\/Plakat-PNN-2020-723x1024.jpg\" alt=\"\" width=\"640\" height=\"906\" srcset=\"https:\/\/zsp12.gliwice.pl\/pm7\/wp-content\/uploads\/sites\/7\/2020\/03\/Plakat-PNN-2020-723x1024.jpg 723w, https:\/\/zsp12.gliwice.pl\/pm7\/wp-content\/uploads\/sites\/7\/2020\/03\/Plakat-PNN-2020-212x300.jpg 212w, https:\/\/zsp12.gliwice.pl\/pm7\/wp-content\/uploads\/sites\/7\/2020\/03\/Plakat-PNN-2020-768x1088.jpg 768w, https:\/\/zsp12.gliwice.pl\/pm7\/wp-content\/uploads\/sites\/7\/2020\/03\/Plakat-PNN-2020-17x24.jpg 17w, https:\/\/zsp12.gliwice.pl\/pm7\/wp-content\/uploads\/sites\/7\/2020\/03\/Plakat-PNN-2020-25x36.jpg 25w, https:\/\/zsp12.gliwice.pl\/pm7\/wp-content\/uploads\/sites\/7\/2020\/03\/Plakat-PNN-2020-34x48.jpg 34w, https:\/\/zsp12.gliwice.pl\/pm7\/wp-content\/uploads\/sites\/7\/2020\/03\/Plakat-PNN-2020.jpg 1754w\" sizes=\"(max-width: 640px) 100vw, 640px\" \/><\/p>\n<p style=\"text-align: right\"><em>Katarzyna Jakubowska, logopeda<\/em><\/p>\n<p>&nbsp;<\/p>\n","protected":false},"excerpt":{"rendered":"<p>2 kwietnia obchodzimy \u015awiatowy dzie\u0144 \u015bwiadomo\u015bci autyzmu. Zach\u0119camy do w\u0142\u0105czenia si\u0119 w akcj\u0119: Polska na niebiesko. Szczeg\u00f3\u0142y pod adresem fundacji&#8230;<\/p>\n","protected":false},"author":2,"featured_media":3424,"comment_status":"open","ping_status":"open","sticky":false,"template":"","format":"standard","meta":{"inline_featured_image":false,"ngg_post_thumbnail":0,"footnotes":""},"categories":[33,17],"tags":[],"class_list":["post-3422","post","type-post","status-publish","format-standard","has-post-thumbnail","hentry","category-archiwum-pm7","category-informacje"],"_links":{"self":[{"href":"https:\/\/zsp12.gliwice.pl\/pm7\/wp-json\/wp\/v2\/posts\/3422"}],"collection":[{"href":"https:\/\/zsp12.gliwice.pl\/pm7\/wp-json\/wp\/v2\/posts"}],"about":[{"href":"https:\/\/zsp12.gliwice.pl\/pm7\/wp-json\/wp\/v2\/types\/post"}],"author":[{"embeddable":true,"href":"https:\/\/zsp12.gliwice.pl\/pm7\/wp-json\/wp\/v2\/users\/2"}],"replies":[{"embeddable":true,"href":"https:\/\/zsp12.gliwice.pl\/pm7\/wp-json\/wp\/v2\/comments?post=3422"}],"version-history":[{"count":2,"href":"https:\/\/zsp12.gliwice.pl\/pm7\/wp-json\/wp\/v2\/posts\/3422\/revisions"}],"predecessor-version":[{"id":3427,"href":"https:\/\/zsp12.gliwice.pl\/pm7\/wp-json\/wp\/v2\/posts\/3422\/revisions\/3427"}],"wp:featuredmedia":[{"embeddable":true,"href":"https:\/\/zsp12.gliwice.pl\/pm7\/wp-json\/wp\/v2\/media\/3424"}],"wp:attachment":[{"href":"https:\/\/zsp12.gliwice.pl\/pm7\/wp-json\/wp\/v2\/media?parent=3422"}],"wp:term":[{"taxonomy":"category","embeddable":true,"href":"https:\/\/zsp12.gliwice.pl\/pm7\/wp-json\/wp\/v2\/categories?post=3422"},{"taxonomy":"post_tag","embeddable":true,"href":"https:\/\/zsp12.gliwice.pl\/pm7\/wp-json\/wp\/v2\/tags?post=3422"}],"curies":[{"name":"wp","href":"https:\/\/api.w.org\/{rel}","templated":true}]}}