{"id":3243,"date":"2020-02-23T17:13:23","date_gmt":"2020-02-23T16:13:23","guid":{"rendered":"http:\/\/zsp12.gliwice.pl\/pm7\/?p=3243"},"modified":"2025-06-03T07:02:12","modified_gmt":"2025-06-03T05:02:12","slug":"odkrywcy-w-oddziale-odlewnictwa-artystycznego","status":"publish","type":"post","link":"https:\/\/zsp12.gliwice.pl\/pm7\/blog\/2020\/02\/23\/odkrywcy-w-oddziale-odlewnictwa-artystycznego\/","title":{"rendered":"ODKRYWCY w Oddziale Odlewnictwa Artystycznego"},"content":{"rendered":"<p><em>W ramach projektu Ma\u0142y Muzealnik, dzieci z grupy ODKRYWCY 20.02 zwiedza\u0142y niezwyk\u0142e miejsce na mapie Gliwic jakim jest Oddzia\u0142 Odlewnictwa Artystycznego. Budynek na ul. Bojkowskiej jest pozosta\u0142o\u015bci\u0105 po kopalni w\u0119gla kamiennego, a dzi\u015b trzecie pi\u0119tro przypomina hut\u0119 \u017celiwa. Warsztaty zacz\u0119\u0142y si\u0119 od malowania odlew\u00f3w wiank\u00f3w z gipsu wed\u0142ug w\u0142asnego pomys\u0142u. Nast\u0119pnie zosta\u0142a nam przedstawiona wystawa, kt\u00f3ra nie jest tradycyjn\u0105 muzealn\u0105 ekspozycj\u0105. Jest to przestrzenna aran\u017cacja, dzi\u0119ki kt\u00f3rej dzieci mog\u0105 aktywnie poznawa\u0107 nie tylko histori\u0119 odlewnictwa artystycznego w Gliwicach, ale r\u00f3wnie\u017c dzieje tutejszego przemys\u0142u oraz samego regionu i miasta. Uwag\u0119 dzieci najbardziej przyku\u0142y miniatury gliwickich lw\u00f3w: czuwaj\u0105cego, \u015bpi\u0105cego oraz bli\u017aniak\u00f3w.<\/em><\/p>\n<p style=\"text-align: right\"><em>Katarzyna Szymanek<\/em><\/p>\nngg_shortcode_0_placeholder\n","protected":false},"excerpt":{"rendered":"<p>W ramach projektu Ma\u0142y Muzealnik, dzieci z grupy ODKRYWCY 20.02 zwiedza\u0142y niezwyk\u0142e miejsce na mapie Gliwic jakim jest Oddzia\u0142 Odlewnictwa&#8230;<\/p>\n","protected":false},"author":2,"featured_media":3285,"comment_status":"open","ping_status":"open","sticky":false,"template":"","format":"standard","meta":{"inline_featured_image":false,"ngg_post_thumbnail":0,"footnotes":""},"categories":[33,4],"tags":[],"class_list":["post-3243","post","type-post","status-publish","format-standard","has-post-thumbnail","hentry","category-archiwum-pm7","category-wydarzenia"],"_links":{"self":[{"href":"https:\/\/zsp12.gliwice.pl\/pm7\/wp-json\/wp\/v2\/posts\/3243"}],"collection":[{"href":"https:\/\/zsp12.gliwice.pl\/pm7\/wp-json\/wp\/v2\/posts"}],"about":[{"href":"https:\/\/zsp12.gliwice.pl\/pm7\/wp-json\/wp\/v2\/types\/post"}],"author":[{"embeddable":true,"href":"https:\/\/zsp12.gliwice.pl\/pm7\/wp-json\/wp\/v2\/users\/2"}],"replies":[{"embeddable":true,"href":"https:\/\/zsp12.gliwice.pl\/pm7\/wp-json\/wp\/v2\/comments?post=3243"}],"version-history":[{"count":4,"href":"https:\/\/zsp12.gliwice.pl\/pm7\/wp-json\/wp\/v2\/posts\/3243\/revisions"}],"predecessor-version":[{"id":3328,"href":"https:\/\/zsp12.gliwice.pl\/pm7\/wp-json\/wp\/v2\/posts\/3243\/revisions\/3328"}],"wp:featuredmedia":[{"embeddable":true,"href":"https:\/\/zsp12.gliwice.pl\/pm7\/wp-json\/wp\/v2\/media\/3285"}],"wp:attachment":[{"href":"https:\/\/zsp12.gliwice.pl\/pm7\/wp-json\/wp\/v2\/media?parent=3243"}],"wp:term":[{"taxonomy":"category","embeddable":true,"href":"https:\/\/zsp12.gliwice.pl\/pm7\/wp-json\/wp\/v2\/categories?post=3243"},{"taxonomy":"post_tag","embeddable":true,"href":"https:\/\/zsp12.gliwice.pl\/pm7\/wp-json\/wp\/v2\/tags?post=3243"}],"curies":[{"name":"wp","href":"https:\/\/api.w.org\/{rel}","templated":true}]}}