{"id":3232,"date":"2020-02-20T19:56:55","date_gmt":"2020-02-20T18:56:55","guid":{"rendered":"http:\/\/zsp12.gliwice.pl\/pm7\/?p=3232"},"modified":"2025-06-03T07:02:12","modified_gmt":"2025-06-03T05:02:12","slug":"dzien-babci-i-dziadka","status":"publish","type":"post","link":"https:\/\/zsp12.gliwice.pl\/pm7\/blog\/2020\/02\/20\/dzien-babci-i-dziadka\/","title":{"rendered":"Dzie\u0144 Babci i Dziadka"},"content":{"rendered":"<p><em>Z okazji Dnia Babci i Dziadka wszystkie przedszkolaki uhonorowa\u0142y swoich najbli\u017cszych. <\/em><br \/>\n<em>W podzi\u0119kowaniu za mi\u0142o\u015b\u0107, po\u015bwi\u0119cony czas i cierpliwo\u015b\u0107 przygotowa\u0142y programy artystyczne <\/em><em>i w\u0142asnor\u0119cznie wykonane upominki. Atmosfera podczas spotka\u0144 by\u0142a podnios\u0142a, cz\u0119sto wzruszaj\u0105ca. <\/em><\/p>\n<p><em>Babciu&nbsp; i Dziadku dzi\u0119kujemy!<\/em><\/p>\n<p style=\"text-align: right\"><em>Aleksandra Janik<\/em><\/p>\nngg_shortcode_0_placeholder\n","protected":false},"excerpt":{"rendered":"<p>Z okazji Dnia Babci i Dziadka wszystkie przedszkolaki uhonorowa\u0142y swoich najbli\u017cszych. W podzi\u0119kowaniu za mi\u0142o\u015b\u0107, po\u015bwi\u0119cony czas i cierpliwo\u015b\u0107 przygotowa\u0142y&#8230;<\/p>\n","protected":false},"author":2,"featured_media":3325,"comment_status":"open","ping_status":"open","sticky":false,"template":"","format":"standard","meta":{"inline_featured_image":false,"ngg_post_thumbnail":0,"footnotes":""},"categories":[33,4],"tags":[],"class_list":["post-3232","post","type-post","status-publish","format-standard","has-post-thumbnail","hentry","category-archiwum-pm7","category-wydarzenia"],"_links":{"self":[{"href":"https:\/\/zsp12.gliwice.pl\/pm7\/wp-json\/wp\/v2\/posts\/3232"}],"collection":[{"href":"https:\/\/zsp12.gliwice.pl\/pm7\/wp-json\/wp\/v2\/posts"}],"about":[{"href":"https:\/\/zsp12.gliwice.pl\/pm7\/wp-json\/wp\/v2\/types\/post"}],"author":[{"embeddable":true,"href":"https:\/\/zsp12.gliwice.pl\/pm7\/wp-json\/wp\/v2\/users\/2"}],"replies":[{"embeddable":true,"href":"https:\/\/zsp12.gliwice.pl\/pm7\/wp-json\/wp\/v2\/comments?post=3232"}],"version-history":[{"count":3,"href":"https:\/\/zsp12.gliwice.pl\/pm7\/wp-json\/wp\/v2\/posts\/3232\/revisions"}],"predecessor-version":[{"id":3327,"href":"https:\/\/zsp12.gliwice.pl\/pm7\/wp-json\/wp\/v2\/posts\/3232\/revisions\/3327"}],"wp:featuredmedia":[{"embeddable":true,"href":"https:\/\/zsp12.gliwice.pl\/pm7\/wp-json\/wp\/v2\/media\/3325"}],"wp:attachment":[{"href":"https:\/\/zsp12.gliwice.pl\/pm7\/wp-json\/wp\/v2\/media?parent=3232"}],"wp:term":[{"taxonomy":"category","embeddable":true,"href":"https:\/\/zsp12.gliwice.pl\/pm7\/wp-json\/wp\/v2\/categories?post=3232"},{"taxonomy":"post_tag","embeddable":true,"href":"https:\/\/zsp12.gliwice.pl\/pm7\/wp-json\/wp\/v2\/tags?post=3232"}],"curies":[{"name":"wp","href":"https:\/\/api.w.org\/{rel}","templated":true}]}}