{"id":3173,"date":"2020-02-16T18:23:49","date_gmt":"2020-02-16T17:23:49","guid":{"rendered":"http:\/\/zsp12.gliwice.pl\/pm7\/?p=3173"},"modified":"2025-06-03T07:02:12","modified_gmt":"2025-06-03T05:02:12","slug":"rekrutacja-do-przedszkoli-i-oddzialow-przedszkolnych-2020-2021","status":"publish","type":"post","link":"https:\/\/zsp12.gliwice.pl\/pm7\/blog\/2020\/02\/16\/rekrutacja-do-przedszkoli-i-oddzialow-przedszkolnych-2020-2021\/","title":{"rendered":"Rekrutacja do przedszkoli i oddzia\u0142\u00f3w przedszkolnych 2020\/2021"},"content":{"rendered":"<p>Szanowni Pa\u0144stwo,<\/p>\n<h5>przedstawiamy podstawowe informacje dotycz\u0105ce rekrutacji do przedszkoli i oddzia\u0142\u00f3w przedszkolnych w szko\u0142ach podstawowych, prowadzonych przez miasto Gliwice, na rok szk. 2020\/2021.<\/h5>\n<ul>\n<li>Terminy rekrutacji do przedszkoli i oddzia\u0142\u00f3w przedszkolnych prowadzonych przez Miasto Gliwice na rok szkolny 2020\/2021 dost\u0119pne s\u0105 w BIP:&nbsp;&nbsp;<a href=\"https:\/\/bip.gliwice.eu\/pub\/zpm\/ZPM_2020_1816.pdf\" target=\"_blank\" rel=\"noopener\">https:\/\/bip.gliwice.eu\/pub\/zpm\/ZPM_2020_1816.pdf<\/a><\/li>\n<li>KRYTERIA PRZYJ\u0118\u0106<br \/>\nW pierwszym etapie post\u0119powania rekrutacyjnego \u2013 zgodnie z art. 131 ust. 2 ustawy Prawo o\u015bwiatowe brane s\u0105 pod uwag\u0119 \u0142\u0105cznie nast\u0119puj\u0105ce kryteria ustawowe:<\/li>\n<\/ul>\n<ol class=\"rteindent1\">\n<li>wielodzietno\u015b\u0107 rodziny kandydata,<\/li>\n<li>niepe\u0142nosprawno\u015b\u0107 kandydata,<\/li>\n<li>niepe\u0142nosprawno\u015b\u0107 jednego z rodzic\u00f3w kandydata,<\/li>\n<li>niepe\u0142nosprawno\u015b\u0107 obojga rodzic\u00f3w kandydata,<\/li>\n<li>niepe\u0142nosprawno\u015b\u0107 rodze\u0144stwa kandydata,<\/li>\n<li>samotne wychowywanie kandydata w rodzinie,<\/li>\n<li>obj\u0119cie kandydata piecz\u0105 zast\u0119pcz\u0105.<\/li>\n<\/ol>\n<ul>\n<li><strong>Ka\u017cde z wy\u017cej wymienionych kryteri\u00f3w ma jednakow\u0105 warto\u015b\u0107.<\/strong><br \/>\nDokumenty potwierdzaj\u0105ce spe\u0142nienie ww. to odpowiednio:<\/li>\n<\/ul>\n<ol class=\"rteindent1\">\n<li><em>o\u015bwiadczenie o wielodzietno\u015bci rodziny kandydata;<\/em><\/li>\n<li><em>orzeczenie o potrzebie kszta\u0142cenia specjalnego wydane ze wzgl\u0119du<br \/>\nna niepe\u0142nosprawno\u015b\u0107, orzeczenie o niepe\u0142nosprawno\u015bci lub o stopniu niepe\u0142nosprawno\u015bci lub orzeczenie r\u00f3wnowa\u017cne w rozumieniu przepis\u00f3w ustawy z dnia 27 sierpnia 1997 r. o rehabilitacji zawodowej i spo\u0142ecznej oraz zatrudnianiu os\u00f3b niepe\u0142nosprawnych;<\/em><\/li>\n<li><em>prawomocny wyrok s\u0105du rodzinnego orzekaj\u0105cy rozw\u00f3d lub separacj\u0119 lub akt zgonu oraz o\u015bwiadczenie o samotnym wychowywaniu dziecka oraz niewychowywaniu \u017cadnego dziecka wsp\u00f3lnie z jego rodzicem;<\/em><\/li>\n<li><em>dokument po\u015bwiadczaj\u0105cy obj\u0119cie dziecka piecz\u0105 zast\u0119pcz\u0105 zgodnie z ustaw\u0105 z dnia 9 czerwca 2011 r. o wspieraniu rodziny i systemie pieczy zast\u0119pczej.<\/em><\/li>\n<\/ol>\n<p>Dokumenty s\u0105 sk\u0142adane w oryginale, notarialnie po\u015bwiadczonej kopii albo w postaci urz\u0119dowo po\u015bwiadczonego zgodnie z art. 76a \u00a7 1 ustawy z dnia 14 czerwca 1960 r. &#8211; Kodeks post\u0119powania administracyjnego odpisu lub wyci\u0105gu z dokumentu. Dokumenty mog\u0105 by\u0107 sk\u0142adane tak\u017ce w postaci kopii po\u015bwiadczonej za zgodno\u015b\u0107 z orygina\u0142em przez rodzica kandydata.<\/p>\n<p><strong>O\u015bwiadczenia sk\u0142ada si\u0119 pod rygorem odpowiedzialno\u015bci karnej za sk\u0142adanie fa\u0142szywych zezna\u0144.<\/strong><\/p>\n<p>W przypadku r\u00f3wnorz\u0119dnych wynik\u00f3w uzyskanych w pierwszym etapie post\u0119powania rekrutacyjnego lub je\u017celi po zako\u0144czeniu tego etapu plac\u00f3wka nadal dysponuje wolnymi miejscami, w drugim etapie post\u0119powania rekrutacyjnego brane s\u0105 pod uwag\u0119&nbsp;<u>kryteria lokalne<\/u>&nbsp;okre\u015blone na podstawie uchwa\u0142y nr XXIV\/609\/2017 Rady Miasta&nbsp; Gliwice z dnia 30 marca 2017 r.&nbsp;<em>w sprawie okre\u015blenia kryteri\u00f3w naboru do przedszkoli prowadzonych przez Miasto Gliwice na drugim etapie post\u0119powania rekrutacyjnego oraz dokument\u00f3w niezb\u0119dnych do potwierdzania tych kryteri\u00f3w<\/em>.<\/p>\n<ul>\n<li>Kryteria lokalne brane pod uwag\u0119 w post\u0119powaniu rekrutacyjnym i post\u0119powaniu uzupe\u0142niaj\u0105cym do publicznych przedszkoli i oddzia\u0142\u00f3w przedszkolnych w publicznych szko\u0142ach podstawowych, prowadzonych przez Miasto Gliwice oraz dokumenty niezb\u0119dne do potwierdzenia spe\u0142nienia tych kryteri\u00f3w, a tak\u017ce liczb\u0119 punkt\u00f3w mo\u017cliwych do uzyskania za poszczeg\u00f3lne kryteria okre\u015bla uchwa\u0142a nr XXIV\/609\/2017 Rady Miasta Gliwice z 30 marca 2017 roku:<br \/>\n<a href=\"https:\/\/bip.gliwice.eu\/pub\/uchwaly\/12452.pdf\" target=\"_blank\" rel=\"noopener\">https:\/\/bip.gliwice.eu\/pub\/uchwaly\/12452.pdf<\/a><\/li>\n<li>Zasady rekrutacji wynikaj\u0105 z ustawy z dnia<span id=\"main-form:full-content-document-view-panel\">&nbsp;14 grudnia 2016 r. Prawo o\u015bwiatowe (t.j. Dz.U. z 2019 r. poz. 1148) &#8211; rozdzia\u0142 6.<\/span><\/li>\n<\/ul>\n<p style=\"text-align: center\"><strong>Przypominamy, \u017ce zgodnie z ww. ustaw\u0105, za rekrutacj\u0119 s\u0105 odpowiedzialni dyrektorzy przedszkoli i szk\u00f3\u0142.<\/strong><\/p>\n<p style=\"text-align: center\"><a href=\"https:\/\/naborp-kandydat.vulcan.net.pl\/gliwice\">https:\/\/naborp-kandydat.vulcan.net.pl\/gliwice<\/a><\/p>\n","protected":false},"excerpt":{"rendered":"<p>Szanowni Pa\u0144stwo, przedstawiamy podstawowe informacje dotycz\u0105ce rekrutacji do przedszkoli i oddzia\u0142\u00f3w przedszkolnych w szko\u0142ach podstawowych, prowadzonych przez miasto Gliwice, na&#8230;<\/p>\n","protected":false},"author":2,"featured_media":3174,"comment_status":"open","ping_status":"open","sticky":false,"template":"","format":"standard","meta":{"inline_featured_image":false,"ngg_post_thumbnail":0,"footnotes":""},"categories":[33,17],"tags":[],"class_list":["post-3173","post","type-post","status-publish","format-standard","has-post-thumbnail","hentry","category-archiwum-pm7","category-informacje"],"_links":{"self":[{"href":"https:\/\/zsp12.gliwice.pl\/pm7\/wp-json\/wp\/v2\/posts\/3173"}],"collection":[{"href":"https:\/\/zsp12.gliwice.pl\/pm7\/wp-json\/wp\/v2\/posts"}],"about":[{"href":"https:\/\/zsp12.gliwice.pl\/pm7\/wp-json\/wp\/v2\/types\/post"}],"author":[{"embeddable":true,"href":"https:\/\/zsp12.gliwice.pl\/pm7\/wp-json\/wp\/v2\/users\/2"}],"replies":[{"embeddable":true,"href":"https:\/\/zsp12.gliwice.pl\/pm7\/wp-json\/wp\/v2\/comments?post=3173"}],"version-history":[{"count":2,"href":"https:\/\/zsp12.gliwice.pl\/pm7\/wp-json\/wp\/v2\/posts\/3173\/revisions"}],"predecessor-version":[{"id":3384,"href":"https:\/\/zsp12.gliwice.pl\/pm7\/wp-json\/wp\/v2\/posts\/3173\/revisions\/3384"}],"wp:featuredmedia":[{"embeddable":true,"href":"https:\/\/zsp12.gliwice.pl\/pm7\/wp-json\/wp\/v2\/media\/3174"}],"wp:attachment":[{"href":"https:\/\/zsp12.gliwice.pl\/pm7\/wp-json\/wp\/v2\/media?parent=3173"}],"wp:term":[{"taxonomy":"category","embeddable":true,"href":"https:\/\/zsp12.gliwice.pl\/pm7\/wp-json\/wp\/v2\/categories?post=3173"},{"taxonomy":"post_tag","embeddable":true,"href":"https:\/\/zsp12.gliwice.pl\/pm7\/wp-json\/wp\/v2\/tags?post=3173"}],"curies":[{"name":"wp","href":"https:\/\/api.w.org\/{rel}","templated":true}]}}