{"id":3159,"date":"2020-02-05T21:38:45","date_gmt":"2020-02-05T20:38:45","guid":{"rendered":"http:\/\/zsp12.gliwice.pl\/pm7\/?p=3159"},"modified":"2025-06-03T07:02:12","modified_gmt":"2025-06-03T05:02:12","slug":"budzet-obywatelski-2020-aktywne-zatorze","status":"publish","type":"post","link":"https:\/\/zsp12.gliwice.pl\/pm7\/blog\/2020\/02\/05\/budzet-obywatelski-2020-aktywne-zatorze\/","title":{"rendered":"BUD\u017bET OBYWATELSKI 2020 \t\u201eAKTYWNE ZATORZE\u201d"},"content":{"rendered":"<p><em><img loading=\"lazy\" decoding=\"async\" class=\"aligncenter wp-image-5060 size-large\" src=\"http:\/\/zsp12.gliwice.pl\/sp15\/wp-content\/uploads\/sites\/11\/2020\/02\/Plakat_Zatorze_1-724x1024.jpg\" alt=\"\" width=\"640\" height=\"905\"><\/em><\/p>\n<p><em>W dniu 03.02.2020 r. rozpocz\u0119li\u015bmy realizacj\u0119 projektu w ramach Bud\u017cetu Obywatelskiego 2020 pn. \u201eAktywne Zatorze\u201d. Projekt skierowany jest do os\u00f3b ma\u0142ych i du\u017cych zamieszkuj\u0105cych dzielnic\u0119 Zatorze. Zadanie obejmuje \u0142\u0105cznie 752 h bezp\u0142atnych zaj\u0119\u0107 i&nbsp;b\u0119dzie realizowany do 07.012.2020 z przerw\u0105 wakacyjn\u0105<\/em><\/p>\n<p><em>W ramach Zadania b\u0119dziemy mogli skorzysta\u0107 z nast\u0119puj\u0105cych zaj\u0119\u0107:<\/em><\/p>\n<ol>\n<li><em>Warsztaty:<\/em>\n<ol>\n<li><em>przyrodnicze \u201eNatura pod lup\u0105\u201d: powinny zawiera\u0107 do\u015bwiadczenia i&nbsp;eksperymenty oraz mo\u017cliwo\u015b\u0107 prowadzenia do\u015bwiadcze\u0144 i eksperyment\u00f3w, zg\u0142\u0119bianie tajnik\u00f3w funkcjonowania \u015bwiata przyrody, wykorzystywa\u0107 nowe technologie;<\/em><\/li>\n<li><em>zielarskie \u201eZdrowie z natury\u201d: zg\u0142\u0119bienie wiedzy na temat praktycznego wykorzystania ro\u015blin, w tym w\u0142a\u015bciwo\u015bci zdrowotnych;<\/em><\/li>\n<li><em>plastyczne \u201eWzorem natury\u201d: zaj\u0119cia z wykorzystaniem r\u00f3\u017cnorodnych technik plastycznych, w tym u\u017cycie przedmiot\u00f3w z recyklingu;<\/em><\/li>\n<\/ol>\n<\/li>\n<li><em>Warsztaty:<\/em>\n<ol>\n<li><em>ekologiczne \u201eK\u0105cik ekobadacza\u201d: utrwalenie wiadomo\u015bci z zakresu ekologii i&nbsp;ochrony \u015brodowiska, zapoznanie z dzia\u0142alno\u015bci\u0105 instytucji dzia\u0142aj\u0105cych na rzecz ochrony \u015brodowiska, popularyzacja ochrony ro\u015blin, zwierz\u0105t i owad\u00f3w, organizacja konkurs\u00f3w dla uczestnik\u00f3w w ramach zaj\u0119\u0107;<\/em><\/li>\n<li><em>ekologiczne- wyjazdowe \u201eK\u0105cik ekobadacza\u201d: utrwalenie wiadomo\u015bci z zakresu ekologii i ochrony \u015brodowiska, zapoznanie z dzia\u0142alno\u015bci\u0105 instytucji dzia\u0142aj\u0105cych na rzecz ochrony \u015brodowiska, popularyzacja ochrony ro\u015blin, zwierz\u0105t i owad\u00f3w;<\/em><\/li>\n<\/ol>\n<\/li>\n<li><em>Warsztaty:<\/em>\n<ol>\n<li><em>komputerowe: umiej\u0119tne korzystanie z nowinek technicznych, zaj\u0119cia z wykorzystaniem np. Lego mindstorm, ozobot\u00f3w, obs\u0142ugi komputera i aplikacji;<\/em><\/li>\n<\/ol>\n<\/li>\n<li><em>Zaj\u0119cia:<\/em>\n<ol>\n<li><em>sportowo \u2013 rekreacyjne \u201eZdrowy duch\u201d: zaj\u0119cia fitness, spotkania z dietetykiem, zaj\u0119cia taneczne, zaj\u0119cia szachowe, nording walking, si\u0142owni\u0119, sportowe gry zespo\u0142owe itp.;<\/em><\/li>\n<\/ol>\n<\/li>\n<\/ol>\n<p><em><strong>Zapisy na zaj\u0119cia trwaj\u0105 nieprzerwanie przez ca\u0142y czas trwania projektu, od poniedzia\u0142ku do pi\u0105tku, w godzinach od 8:00 do 15:00,<\/strong><strong>&nbsp;pod numerem telefonu 660 \u2013 165 \u2013 458<\/strong><strong>.<\/strong><\/em><\/p>\n<p><em><strong>&nbsp;<\/strong><\/em><\/p>\n<p><em>Za\u0142\u0105czniki:<\/em><\/p>\n<p><em><a href=\"http:\/\/zsp12.gliwice.pl\/sp15\/wp-content\/uploads\/sites\/11\/2020\/02\/RODO_dzieci.doc\">RODO_dzieci<\/a>&nbsp; <a href=\"http:\/\/zsp12.gliwice.pl\/sp15\/wp-content\/uploads\/sites\/11\/2020\/02\/RODO_dorosli.doc\">RODO_dorosli<\/a>&nbsp;i <a href=\"http:\/\/zsp12.gliwice.pl\/sp15\/wp-content\/uploads\/sites\/11\/2020\/02\/harmonogram_na_luty_budzet_1.doc\">harmonogram zaj\u0119\u0107_na_luty.<\/a><\/em><\/p>\n<p><em><strong>&nbsp;<\/strong><\/em><\/p>\n<p style=\"text-align: center\"><em><strong>Serdecznie zapraszamy do udzia\u0142u w bezp\u0142atnych zaj\u0119ciach<\/strong>.<\/em><\/p>\n","protected":false},"excerpt":{"rendered":"<p>W dniu 03.02.2020 r. rozpocz\u0119li\u015bmy realizacj\u0119 projektu w ramach Bud\u017cetu Obywatelskiego 2020 pn. \u201eAktywne Zatorze\u201d. Projekt skierowany jest do os\u00f3b&#8230;<\/p>\n","protected":false},"author":2,"featured_media":3160,"comment_status":"open","ping_status":"open","sticky":false,"template":"","format":"standard","meta":{"inline_featured_image":false,"ngg_post_thumbnail":0,"footnotes":""},"categories":[33,17],"tags":[],"class_list":["post-3159","post","type-post","status-publish","format-standard","has-post-thumbnail","hentry","category-archiwum-pm7","category-informacje"],"_links":{"self":[{"href":"https:\/\/zsp12.gliwice.pl\/pm7\/wp-json\/wp\/v2\/posts\/3159"}],"collection":[{"href":"https:\/\/zsp12.gliwice.pl\/pm7\/wp-json\/wp\/v2\/posts"}],"about":[{"href":"https:\/\/zsp12.gliwice.pl\/pm7\/wp-json\/wp\/v2\/types\/post"}],"author":[{"embeddable":true,"href":"https:\/\/zsp12.gliwice.pl\/pm7\/wp-json\/wp\/v2\/users\/2"}],"replies":[{"embeddable":true,"href":"https:\/\/zsp12.gliwice.pl\/pm7\/wp-json\/wp\/v2\/comments?post=3159"}],"version-history":[{"count":2,"href":"https:\/\/zsp12.gliwice.pl\/pm7\/wp-json\/wp\/v2\/posts\/3159\/revisions"}],"predecessor-version":[{"id":3162,"href":"https:\/\/zsp12.gliwice.pl\/pm7\/wp-json\/wp\/v2\/posts\/3159\/revisions\/3162"}],"wp:featuredmedia":[{"embeddable":true,"href":"https:\/\/zsp12.gliwice.pl\/pm7\/wp-json\/wp\/v2\/media\/3160"}],"wp:attachment":[{"href":"https:\/\/zsp12.gliwice.pl\/pm7\/wp-json\/wp\/v2\/media?parent=3159"}],"wp:term":[{"taxonomy":"category","embeddable":true,"href":"https:\/\/zsp12.gliwice.pl\/pm7\/wp-json\/wp\/v2\/categories?post=3159"},{"taxonomy":"post_tag","embeddable":true,"href":"https:\/\/zsp12.gliwice.pl\/pm7\/wp-json\/wp\/v2\/tags?post=3159"}],"curies":[{"name":"wp","href":"https:\/\/api.w.org\/{rel}","templated":true}]}}