{"id":3041,"date":"2019-12-10T22:50:34","date_gmt":"2019-12-10T21:50:34","guid":{"rendered":"http:\/\/zsp12.gliwice.pl\/pm7\/?p=3041"},"modified":"2025-06-03T07:00:21","modified_gmt":"2025-06-03T05:00:21","slug":"mikolaj-u-odkrywcow-i-tropicieli","status":"publish","type":"post","link":"https:\/\/zsp12.gliwice.pl\/pm7\/blog\/2019\/12\/10\/mikolaj-u-odkrywcow-i-tropicieli\/","title":{"rendered":"Miko\u0142aj u Odkrywc\u00f3w i Tropicieli"},"content":{"rendered":"<p><em>Dzie\u0144 6 grudnia to dla wszystkich to niezwyk\u0142y czas odwiedzin go\u015bcia z Laponii. Przedszkolaki wyczekiwa\u0142y \u015awi\u0119tego Miko\u0142aja przez ubieg\u0142e tygodnie, poza wys\u0142aniem list\u00f3w przygotowa\u0142y dla Niego ciep\u0142e mleko oraz pierniczki, kt\u00f3re widocznie bardzo Mu smakowa\u0142y, bo poza listem dla dzieci i oczywi\u015bcie prezentem nic nie zostawi\u0142. W li\u015bcie Miko\u0142aj napisa\u0142 jak pracowitym czasem jest dla Niego grudzie\u0144 i jak bardzo cieszy Go u\u015bmiech dzieci. Po poszukiwaniach i odpakowaniu prezent\u00f3w w \u015bpiewania piosenki rozleg\u0142 si\u0119 g\u0142o\u015bny d\u017awi\u0119k dzwonk\u00f3w, czy\u017cby Miko\u0142aj znalaz\u0142 czas na odwiedziny? Tak, uda\u0142o si\u0119, nasz \u015bpiew zaprowadza\u0142 Miko\u0142aja wraz z Elfem do naszych sal, czego odwodem jest pami\u0105tkowe zdj\u0119cie.<\/em><\/p>\n<p style=\"text-align: right\"><em>Katarzyna Szymanek<\/em><\/p>\n<p><img loading=\"lazy\" decoding=\"async\" class=\"aligncenter wp-image-3042 size-large\" src=\"http:\/\/zsp12.gliwice.pl\/pm7\/wp-content\/uploads\/sites\/7\/2020\/01\/20191206_102536-1024x768.jpg\" alt=\"\" width=\"640\" height=\"480\" srcset=\"https:\/\/zsp12.gliwice.pl\/pm7\/wp-content\/uploads\/sites\/7\/2020\/01\/20191206_102536-1024x768.jpg 1024w, https:\/\/zsp12.gliwice.pl\/pm7\/wp-content\/uploads\/sites\/7\/2020\/01\/20191206_102536-300x225.jpg 300w, https:\/\/zsp12.gliwice.pl\/pm7\/wp-content\/uploads\/sites\/7\/2020\/01\/20191206_102536-768x576.jpg 768w, https:\/\/zsp12.gliwice.pl\/pm7\/wp-content\/uploads\/sites\/7\/2020\/01\/20191206_102536-24x18.jpg 24w, https:\/\/zsp12.gliwice.pl\/pm7\/wp-content\/uploads\/sites\/7\/2020\/01\/20191206_102536-36x27.jpg 36w, https:\/\/zsp12.gliwice.pl\/pm7\/wp-content\/uploads\/sites\/7\/2020\/01\/20191206_102536-48x36.jpg 48w\" sizes=\"(max-width: 640px) 100vw, 640px\" \/><\/p>\n","protected":false},"excerpt":{"rendered":"<p>Dzie\u0144 6 grudnia to dla wszystkich to niezwyk\u0142y czas odwiedzin go\u015bcia z Laponii. Przedszkolaki wyczekiwa\u0142y \u015awi\u0119tego Miko\u0142aja przez ubieg\u0142e tygodnie,&#8230;<\/p>\n","protected":false},"author":2,"featured_media":3042,"comment_status":"open","ping_status":"open","sticky":false,"template":"","format":"standard","meta":{"inline_featured_image":false,"ngg_post_thumbnail":0,"footnotes":""},"categories":[33,4],"tags":[],"class_list":["post-3041","post","type-post","status-publish","format-standard","has-post-thumbnail","hentry","category-archiwum-pm7","category-wydarzenia"],"_links":{"self":[{"href":"https:\/\/zsp12.gliwice.pl\/pm7\/wp-json\/wp\/v2\/posts\/3041"}],"collection":[{"href":"https:\/\/zsp12.gliwice.pl\/pm7\/wp-json\/wp\/v2\/posts"}],"about":[{"href":"https:\/\/zsp12.gliwice.pl\/pm7\/wp-json\/wp\/v2\/types\/post"}],"author":[{"embeddable":true,"href":"https:\/\/zsp12.gliwice.pl\/pm7\/wp-json\/wp\/v2\/users\/2"}],"replies":[{"embeddable":true,"href":"https:\/\/zsp12.gliwice.pl\/pm7\/wp-json\/wp\/v2\/comments?post=3041"}],"version-history":[{"count":1,"href":"https:\/\/zsp12.gliwice.pl\/pm7\/wp-json\/wp\/v2\/posts\/3041\/revisions"}],"predecessor-version":[{"id":3043,"href":"https:\/\/zsp12.gliwice.pl\/pm7\/wp-json\/wp\/v2\/posts\/3041\/revisions\/3043"}],"wp:featuredmedia":[{"embeddable":true,"href":"https:\/\/zsp12.gliwice.pl\/pm7\/wp-json\/wp\/v2\/media\/3042"}],"wp:attachment":[{"href":"https:\/\/zsp12.gliwice.pl\/pm7\/wp-json\/wp\/v2\/media?parent=3041"}],"wp:term":[{"taxonomy":"category","embeddable":true,"href":"https:\/\/zsp12.gliwice.pl\/pm7\/wp-json\/wp\/v2\/categories?post=3041"},{"taxonomy":"post_tag","embeddable":true,"href":"https:\/\/zsp12.gliwice.pl\/pm7\/wp-json\/wp\/v2\/tags?post=3041"}],"curies":[{"name":"wp","href":"https:\/\/api.w.org\/{rel}","templated":true}]}}