{"id":3027,"date":"2019-12-11T15:25:20","date_gmt":"2019-12-11T14:25:20","guid":{"rendered":"http:\/\/zsp12.gliwice.pl\/pm7\/?p=3027"},"modified":"2025-06-03T07:02:13","modified_gmt":"2025-06-03T05:02:13","slug":"gornicy-w-pm-7","status":"publish","type":"post","link":"https:\/\/zsp12.gliwice.pl\/pm7\/blog\/2019\/12\/11\/gornicy-w-pm-7\/","title":{"rendered":"G\u00f3rnicy w PM 7"},"content":{"rendered":"<p><em>9 grudnia z okazji tradycyjnej Barb\u00f3rki go\u015bcili\u015bmy g\u00f3rnik\u00f3w z KWK \u201eSo\u015bnica\u201d. Przedszkolaki przedstawi\u0142y program artystyczny, pozna\u0142y prac\u0119 g\u00f3rnika, mundur galowy oraz atrybuty codziennej pracy g\u00f3rnik\u00f3w. Spotka\u0142y si\u0119 r\u00f3wnie\u017c z legendarnym Skarbnikiem, wr\u0119czy\u0142y go\u015bciom pami\u0105tkowy dyplom i upominki .<\/em><\/p>\n<p><em>Serdecznie dzi\u0119kujemy mamie Tymona za zorganizowanie tego spotkania.&nbsp;<\/em><\/p>\n<p style=\"text-align: right\"><em>Aleksandra Janik<\/em><\/p>\n<p>&nbsp;<\/p>\n<p><img loading=\"lazy\" decoding=\"async\" class=\"aligncenter wp-image-3028 size-large\" src=\"http:\/\/zsp12.gliwice.pl\/pm7\/wp-content\/uploads\/sites\/7\/2019\/12\/IMG-20191215-WA0016-1024x768.jpg\" alt=\"\" width=\"640\" height=\"480\" srcset=\"https:\/\/zsp12.gliwice.pl\/pm7\/wp-content\/uploads\/sites\/7\/2019\/12\/IMG-20191215-WA0016-1024x768.jpg 1024w, https:\/\/zsp12.gliwice.pl\/pm7\/wp-content\/uploads\/sites\/7\/2019\/12\/IMG-20191215-WA0016-300x225.jpg 300w, https:\/\/zsp12.gliwice.pl\/pm7\/wp-content\/uploads\/sites\/7\/2019\/12\/IMG-20191215-WA0016-768x576.jpg 768w, https:\/\/zsp12.gliwice.pl\/pm7\/wp-content\/uploads\/sites\/7\/2019\/12\/IMG-20191215-WA0016-24x18.jpg 24w, https:\/\/zsp12.gliwice.pl\/pm7\/wp-content\/uploads\/sites\/7\/2019\/12\/IMG-20191215-WA0016-36x27.jpg 36w, https:\/\/zsp12.gliwice.pl\/pm7\/wp-content\/uploads\/sites\/7\/2019\/12\/IMG-20191215-WA0016-48x36.jpg 48w, https:\/\/zsp12.gliwice.pl\/pm7\/wp-content\/uploads\/sites\/7\/2019\/12\/IMG-20191215-WA0016.jpg 1600w\" sizes=\"(max-width: 640px) 100vw, 640px\" \/><\/p>\n","protected":false},"excerpt":{"rendered":"<p>9 grudnia z okazji tradycyjnej Barb\u00f3rki go\u015bcili\u015bmy g\u00f3rnik\u00f3w z KWK \u201eSo\u015bnica\u201d. Przedszkolaki przedstawi\u0142y program artystyczny, pozna\u0142y prac\u0119 g\u00f3rnika, mundur galowy&#8230;<\/p>\n","protected":false},"author":2,"featured_media":3028,"comment_status":"open","ping_status":"open","sticky":false,"template":"","format":"standard","meta":{"inline_featured_image":false,"ngg_post_thumbnail":0,"footnotes":""},"categories":[33,4],"tags":[],"class_list":["post-3027","post","type-post","status-publish","format-standard","has-post-thumbnail","hentry","category-archiwum-pm7","category-wydarzenia"],"_links":{"self":[{"href":"https:\/\/zsp12.gliwice.pl\/pm7\/wp-json\/wp\/v2\/posts\/3027"}],"collection":[{"href":"https:\/\/zsp12.gliwice.pl\/pm7\/wp-json\/wp\/v2\/posts"}],"about":[{"href":"https:\/\/zsp12.gliwice.pl\/pm7\/wp-json\/wp\/v2\/types\/post"}],"author":[{"embeddable":true,"href":"https:\/\/zsp12.gliwice.pl\/pm7\/wp-json\/wp\/v2\/users\/2"}],"replies":[{"embeddable":true,"href":"https:\/\/zsp12.gliwice.pl\/pm7\/wp-json\/wp\/v2\/comments?post=3027"}],"version-history":[{"count":2,"href":"https:\/\/zsp12.gliwice.pl\/pm7\/wp-json\/wp\/v2\/posts\/3027\/revisions"}],"predecessor-version":[{"id":3034,"href":"https:\/\/zsp12.gliwice.pl\/pm7\/wp-json\/wp\/v2\/posts\/3027\/revisions\/3034"}],"wp:featuredmedia":[{"embeddable":true,"href":"https:\/\/zsp12.gliwice.pl\/pm7\/wp-json\/wp\/v2\/media\/3028"}],"wp:attachment":[{"href":"https:\/\/zsp12.gliwice.pl\/pm7\/wp-json\/wp\/v2\/media?parent=3027"}],"wp:term":[{"taxonomy":"category","embeddable":true,"href":"https:\/\/zsp12.gliwice.pl\/pm7\/wp-json\/wp\/v2\/categories?post=3027"},{"taxonomy":"post_tag","embeddable":true,"href":"https:\/\/zsp12.gliwice.pl\/pm7\/wp-json\/wp\/v2\/tags?post=3027"}],"curies":[{"name":"wp","href":"https:\/\/api.w.org\/{rel}","templated":true}]}}