{"id":3010,"date":"2019-12-11T15:21:08","date_gmt":"2019-12-11T14:21:08","guid":{"rendered":"http:\/\/zsp12.gliwice.pl\/pm7\/?p=3010"},"modified":"2025-06-03T07:00:40","modified_gmt":"2025-06-03T05:00:40","slug":"mikolaj-w-pm-7","status":"publish","type":"post","link":"https:\/\/zsp12.gliwice.pl\/pm7\/blog\/2019\/12\/11\/mikolaj-w-pm-7\/","title":{"rendered":"Miko\u0142aj w PM 7"},"content":{"rendered":"<p><em>W pi\u0105tek 6 grudnia przedszkolaki spotka\u0142y si\u0119 z Miko\u0142ajem i jego pomocnikiem weso\u0142ym Elfem. Przedstawi\u0142y program artystyczny, rozmawia\u0142y z zaproszonymi go\u015b\u0107mi i odebra\u0142y super prezenty.<\/em><\/p>\n<p><em>Serdecznie dzi\u0119kujemy Rodzicom, kt\u00f3rzy zaanga\u017cowali si\u0119 w przygotowanie i obchody tego \u015awi\u0119ta.<\/em><\/p>\n<p style=\"text-align: right\"><em>Aleksandra Janik<\/em><\/p>\n<p><img loading=\"lazy\" decoding=\"async\" class=\"aligncenter wp-image-3020 size-large\" src=\"http:\/\/zsp12.gliwice.pl\/pm7\/wp-content\/uploads\/sites\/7\/2019\/12\/IMG-20191215-WA0039-1024x768.jpg\" alt=\"\" width=\"640\" height=\"480\" srcset=\"https:\/\/zsp12.gliwice.pl\/pm7\/wp-content\/uploads\/sites\/7\/2019\/12\/IMG-20191215-WA0039-1024x768.jpg 1024w, https:\/\/zsp12.gliwice.pl\/pm7\/wp-content\/uploads\/sites\/7\/2019\/12\/IMG-20191215-WA0039-300x225.jpg 300w, https:\/\/zsp12.gliwice.pl\/pm7\/wp-content\/uploads\/sites\/7\/2019\/12\/IMG-20191215-WA0039-768x576.jpg 768w, https:\/\/zsp12.gliwice.pl\/pm7\/wp-content\/uploads\/sites\/7\/2019\/12\/IMG-20191215-WA0039-24x18.jpg 24w, https:\/\/zsp12.gliwice.pl\/pm7\/wp-content\/uploads\/sites\/7\/2019\/12\/IMG-20191215-WA0039-36x27.jpg 36w, https:\/\/zsp12.gliwice.pl\/pm7\/wp-content\/uploads\/sites\/7\/2019\/12\/IMG-20191215-WA0039-48x36.jpg 48w, https:\/\/zsp12.gliwice.pl\/pm7\/wp-content\/uploads\/sites\/7\/2019\/12\/IMG-20191215-WA0039.jpg 1599w\" sizes=\"(max-width: 640px) 100vw, 640px\" \/><\/p>\n","protected":false},"excerpt":{"rendered":"<p>W pi\u0105tek 6 grudnia przedszkolaki spotka\u0142y si\u0119 z Miko\u0142ajem i jego pomocnikiem weso\u0142ym Elfem. Przedstawi\u0142y program artystyczny, rozmawia\u0142y z zaproszonymi&#8230;<\/p>\n","protected":false},"author":2,"featured_media":3020,"comment_status":"open","ping_status":"open","sticky":false,"template":"","format":"standard","meta":{"inline_featured_image":false,"ngg_post_thumbnail":0,"footnotes":""},"categories":[33,4],"tags":[],"class_list":["post-3010","post","type-post","status-publish","format-standard","has-post-thumbnail","hentry","category-archiwum-pm7","category-wydarzenia"],"_links":{"self":[{"href":"https:\/\/zsp12.gliwice.pl\/pm7\/wp-json\/wp\/v2\/posts\/3010"}],"collection":[{"href":"https:\/\/zsp12.gliwice.pl\/pm7\/wp-json\/wp\/v2\/posts"}],"about":[{"href":"https:\/\/zsp12.gliwice.pl\/pm7\/wp-json\/wp\/v2\/types\/post"}],"author":[{"embeddable":true,"href":"https:\/\/zsp12.gliwice.pl\/pm7\/wp-json\/wp\/v2\/users\/2"}],"replies":[{"embeddable":true,"href":"https:\/\/zsp12.gliwice.pl\/pm7\/wp-json\/wp\/v2\/comments?post=3010"}],"version-history":[{"count":1,"href":"https:\/\/zsp12.gliwice.pl\/pm7\/wp-json\/wp\/v2\/posts\/3010\/revisions"}],"predecessor-version":[{"id":3026,"href":"https:\/\/zsp12.gliwice.pl\/pm7\/wp-json\/wp\/v2\/posts\/3010\/revisions\/3026"}],"wp:featuredmedia":[{"embeddable":true,"href":"https:\/\/zsp12.gliwice.pl\/pm7\/wp-json\/wp\/v2\/media\/3020"}],"wp:attachment":[{"href":"https:\/\/zsp12.gliwice.pl\/pm7\/wp-json\/wp\/v2\/media?parent=3010"}],"wp:term":[{"taxonomy":"category","embeddable":true,"href":"https:\/\/zsp12.gliwice.pl\/pm7\/wp-json\/wp\/v2\/categories?post=3010"},{"taxonomy":"post_tag","embeddable":true,"href":"https:\/\/zsp12.gliwice.pl\/pm7\/wp-json\/wp\/v2\/tags?post=3010"}],"curies":[{"name":"wp","href":"https:\/\/api.w.org\/{rel}","templated":true}]}}