{"id":2937,"date":"2019-12-10T14:50:38","date_gmt":"2019-12-10T13:50:38","guid":{"rendered":"http:\/\/zsp12.gliwice.pl\/pm7\/?p=2937"},"modified":"2025-06-03T07:00:21","modified_gmt":"2025-06-03T05:00:21","slug":"wycieczka-do-muzeum-ognia-w-zorach","status":"publish","type":"post","link":"https:\/\/zsp12.gliwice.pl\/pm7\/blog\/2019\/12\/10\/wycieczka-do-muzeum-ognia-w-zorach\/","title":{"rendered":"Wycieczka do Muzeum Ognia w \u017borach"},"content":{"rendered":"<p><em>W czwartek, 5 grudnia grupy: Chmurki, Koniczynki, Odkrywcy i Tropiciele uczestniczy\u0142y w wycieczce do Muzeum Ognia w \u017borach. Zwiedzanie Muzeum, ogl\u0105danie wystaw i interaktywne do\u015bwiadczenia <\/em><br \/>\n<em>i eksperymenty przybli\u017cy\u0142y histori\u0119 powstania ognia, jego u\u017cyteczno\u015bci w codziennym \u017cyciu. Dzieci pozna\u0142y r\u00f3wnie\u017c zagro\u017cenia zwi\u0105zane z ogniem, str\u00f3j stra\u017caka i stare wozy stra\u017cackie. Na zako\u0144czenie wizyty w Muzeum dzieci wzi\u0119\u0142y udzia\u0142 w warsztatach, samodzielnie wykona\u0142y \u015bwi\u0105teczne bombki.<\/em><\/p>\n<p style=\"text-align: right\"><em>Aleksandra Janik<\/em><\/p>\n<p><img loading=\"lazy\" decoding=\"async\" class=\"alignnone wp-image-2938 size-large\" src=\"http:\/\/zsp12.gliwice.pl\/pm7\/wp-content\/uploads\/sites\/7\/2019\/12\/IMG-20191215-WA0005-1024x768.jpg\" alt=\"\" width=\"640\" height=\"480\" srcset=\"https:\/\/zsp12.gliwice.pl\/pm7\/wp-content\/uploads\/sites\/7\/2019\/12\/IMG-20191215-WA0005-1024x768.jpg 1024w, https:\/\/zsp12.gliwice.pl\/pm7\/wp-content\/uploads\/sites\/7\/2019\/12\/IMG-20191215-WA0005-300x225.jpg 300w, https:\/\/zsp12.gliwice.pl\/pm7\/wp-content\/uploads\/sites\/7\/2019\/12\/IMG-20191215-WA0005-768x576.jpg 768w, https:\/\/zsp12.gliwice.pl\/pm7\/wp-content\/uploads\/sites\/7\/2019\/12\/IMG-20191215-WA0005-24x18.jpg 24w, https:\/\/zsp12.gliwice.pl\/pm7\/wp-content\/uploads\/sites\/7\/2019\/12\/IMG-20191215-WA0005-36x27.jpg 36w, https:\/\/zsp12.gliwice.pl\/pm7\/wp-content\/uploads\/sites\/7\/2019\/12\/IMG-20191215-WA0005-48x36.jpg 48w, https:\/\/zsp12.gliwice.pl\/pm7\/wp-content\/uploads\/sites\/7\/2019\/12\/IMG-20191215-WA0005.jpg 1600w\" sizes=\"(max-width: 640px) 100vw, 640px\" \/><\/p>\n","protected":false},"excerpt":{"rendered":"<p>W czwartek, 5 grudnia grupy: Chmurki, Koniczynki, Odkrywcy i Tropiciele uczestniczy\u0142y w wycieczce do Muzeum Ognia w \u017borach. Zwiedzanie Muzeum,&#8230;<\/p>\n","protected":false},"author":2,"featured_media":2938,"comment_status":"open","ping_status":"open","sticky":false,"template":"","format":"standard","meta":{"inline_featured_image":false,"ngg_post_thumbnail":0,"footnotes":""},"categories":[33,4],"tags":[],"class_list":["post-2937","post","type-post","status-publish","format-standard","has-post-thumbnail","hentry","category-archiwum-pm7","category-wydarzenia"],"_links":{"self":[{"href":"https:\/\/zsp12.gliwice.pl\/pm7\/wp-json\/wp\/v2\/posts\/2937"}],"collection":[{"href":"https:\/\/zsp12.gliwice.pl\/pm7\/wp-json\/wp\/v2\/posts"}],"about":[{"href":"https:\/\/zsp12.gliwice.pl\/pm7\/wp-json\/wp\/v2\/types\/post"}],"author":[{"embeddable":true,"href":"https:\/\/zsp12.gliwice.pl\/pm7\/wp-json\/wp\/v2\/users\/2"}],"replies":[{"embeddable":true,"href":"https:\/\/zsp12.gliwice.pl\/pm7\/wp-json\/wp\/v2\/comments?post=2937"}],"version-history":[{"count":2,"href":"https:\/\/zsp12.gliwice.pl\/pm7\/wp-json\/wp\/v2\/posts\/2937\/revisions"}],"predecessor-version":[{"id":2956,"href":"https:\/\/zsp12.gliwice.pl\/pm7\/wp-json\/wp\/v2\/posts\/2937\/revisions\/2956"}],"wp:featuredmedia":[{"embeddable":true,"href":"https:\/\/zsp12.gliwice.pl\/pm7\/wp-json\/wp\/v2\/media\/2938"}],"wp:attachment":[{"href":"https:\/\/zsp12.gliwice.pl\/pm7\/wp-json\/wp\/v2\/media?parent=2937"}],"wp:term":[{"taxonomy":"category","embeddable":true,"href":"https:\/\/zsp12.gliwice.pl\/pm7\/wp-json\/wp\/v2\/categories?post=2937"},{"taxonomy":"post_tag","embeddable":true,"href":"https:\/\/zsp12.gliwice.pl\/pm7\/wp-json\/wp\/v2\/tags?post=2937"}],"curies":[{"name":"wp","href":"https:\/\/api.w.org\/{rel}","templated":true}]}}