{"id":2934,"date":"2019-12-11T14:46:43","date_gmt":"2019-12-11T13:46:43","guid":{"rendered":"http:\/\/zsp12.gliwice.pl\/pm7\/?p=2934"},"modified":"2025-06-03T07:00:21","modified_gmt":"2025-06-03T05:00:21","slug":"wizyta-stomatologa-w-grupie-chmurek","status":"publish","type":"post","link":"https:\/\/zsp12.gliwice.pl\/pm7\/blog\/2019\/12\/11\/wizyta-stomatologa-w-grupie-chmurek\/","title":{"rendered":"Wizyta Stomatologa w grupie \u201eChmurek\u201d"},"content":{"rendered":"<p><em>2 grudnia grup\u0119 Chmurek odwiedzi\u0142a mama Emilki, kt\u00f3ra opowiedzia\u0142a o codziennej higienie jamy ustnej, przedstawi\u0142a prawid\u0142owe szczotkowanie z\u0119b\u00f3w, przypomnia\u0142a przedszkolakom o w\u0142a\u015bciwej dla zdrowia z\u0119b\u00f3w diecie oraz o systematycznych wizytach w gabinecie stomatologicznym. Dzieci otrzyma\u0142y prezent: \u201ez\u0105bek\u201d pude\u0142eczko do zbierania mlecznych z\u0105bk\u00f3w, wykona\u0142y r\u00f3wnie\u017c prac\u0119 plastyczn\u0105 \u201eZdrowy z\u0105bek\u201d. Dzi\u0119kujemy za wizyt\u0119.<\/em><\/p>\n<p style=\"text-align: right\"><em>Aleksandra Janik<\/em><\/p>\n<p><img loading=\"lazy\" decoding=\"async\" class=\"aligncenter wp-image-2971 size-large\" src=\"http:\/\/zsp12.gliwice.pl\/pm7\/wp-content\/uploads\/sites\/7\/2019\/12\/IMG-20191215-WA0006-768x1024.jpg\" alt=\"\" width=\"640\" height=\"853\" srcset=\"https:\/\/zsp12.gliwice.pl\/pm7\/wp-content\/uploads\/sites\/7\/2019\/12\/IMG-20191215-WA0006-768x1024.jpg 768w, https:\/\/zsp12.gliwice.pl\/pm7\/wp-content\/uploads\/sites\/7\/2019\/12\/IMG-20191215-WA0006-225x300.jpg 225w, https:\/\/zsp12.gliwice.pl\/pm7\/wp-content\/uploads\/sites\/7\/2019\/12\/IMG-20191215-WA0006-18x24.jpg 18w, https:\/\/zsp12.gliwice.pl\/pm7\/wp-content\/uploads\/sites\/7\/2019\/12\/IMG-20191215-WA0006-27x36.jpg 27w, https:\/\/zsp12.gliwice.pl\/pm7\/wp-content\/uploads\/sites\/7\/2019\/12\/IMG-20191215-WA0006-36x48.jpg 36w, https:\/\/zsp12.gliwice.pl\/pm7\/wp-content\/uploads\/sites\/7\/2019\/12\/IMG-20191215-WA0006.jpg 1200w\" sizes=\"(max-width: 640px) 100vw, 640px\" \/><\/p>\n","protected":false},"excerpt":{"rendered":"<p>2 grudnia grup\u0119 Chmurek odwiedzi\u0142a mama Emilki, kt\u00f3ra opowiedzia\u0142a o codziennej higienie jamy ustnej, przedstawi\u0142a prawid\u0142owe szczotkowanie z\u0119b\u00f3w, przypomnia\u0142a przedszkolakom&#8230;<\/p>\n","protected":false},"author":2,"featured_media":2971,"comment_status":"open","ping_status":"open","sticky":false,"template":"","format":"standard","meta":{"inline_featured_image":false,"ngg_post_thumbnail":0,"footnotes":""},"categories":[33,4],"tags":[],"class_list":["post-2934","post","type-post","status-publish","format-standard","has-post-thumbnail","hentry","category-archiwum-pm7","category-wydarzenia"],"_links":{"self":[{"href":"https:\/\/zsp12.gliwice.pl\/pm7\/wp-json\/wp\/v2\/posts\/2934"}],"collection":[{"href":"https:\/\/zsp12.gliwice.pl\/pm7\/wp-json\/wp\/v2\/posts"}],"about":[{"href":"https:\/\/zsp12.gliwice.pl\/pm7\/wp-json\/wp\/v2\/types\/post"}],"author":[{"embeddable":true,"href":"https:\/\/zsp12.gliwice.pl\/pm7\/wp-json\/wp\/v2\/users\/2"}],"replies":[{"embeddable":true,"href":"https:\/\/zsp12.gliwice.pl\/pm7\/wp-json\/wp\/v2\/comments?post=2934"}],"version-history":[{"count":2,"href":"https:\/\/zsp12.gliwice.pl\/pm7\/wp-json\/wp\/v2\/posts\/2934\/revisions"}],"predecessor-version":[{"id":2996,"href":"https:\/\/zsp12.gliwice.pl\/pm7\/wp-json\/wp\/v2\/posts\/2934\/revisions\/2996"}],"wp:featuredmedia":[{"embeddable":true,"href":"https:\/\/zsp12.gliwice.pl\/pm7\/wp-json\/wp\/v2\/media\/2971"}],"wp:attachment":[{"href":"https:\/\/zsp12.gliwice.pl\/pm7\/wp-json\/wp\/v2\/media?parent=2934"}],"wp:term":[{"taxonomy":"category","embeddable":true,"href":"https:\/\/zsp12.gliwice.pl\/pm7\/wp-json\/wp\/v2\/categories?post=2934"},{"taxonomy":"post_tag","embeddable":true,"href":"https:\/\/zsp12.gliwice.pl\/pm7\/wp-json\/wp\/v2\/tags?post=2934"}],"curies":[{"name":"wp","href":"https:\/\/api.w.org\/{rel}","templated":true}]}}