{"id":2459,"date":"2019-09-04T21:24:25","date_gmt":"2019-09-04T19:24:25","guid":{"rendered":"http:\/\/zsp12.gliwice.pl\/pm7\/?p=2459"},"modified":"2025-06-03T06:59:43","modified_gmt":"2025-06-03T04:59:43","slug":"festiwal-miasta-gliwice","status":"publish","type":"post","link":"https:\/\/zsp12.gliwice.pl\/pm7\/blog\/2019\/09\/04\/festiwal-miasta-gliwice\/","title":{"rendered":"Festiwal Miasta Gliwice"},"content":{"rendered":"<p><em><img loading=\"lazy\" decoding=\"async\" class=\"size-full wp-image-2460 aligncenter\" src=\"http:\/\/zsp12.gliwice.pl\/pm7\/wp-content\/uploads\/sites\/7\/2019\/09\/thumb_435385_600x350_0_0_crop.jpg\" alt=\"\" width=\"600\" height=\"350\" srcset=\"https:\/\/zsp12.gliwice.pl\/pm7\/wp-content\/uploads\/sites\/7\/2019\/09\/thumb_435385_600x350_0_0_crop.jpg 600w, https:\/\/zsp12.gliwice.pl\/pm7\/wp-content\/uploads\/sites\/7\/2019\/09\/thumb_435385_600x350_0_0_crop-300x175.jpg 300w, https:\/\/zsp12.gliwice.pl\/pm7\/wp-content\/uploads\/sites\/7\/2019\/09\/thumb_435385_600x350_0_0_crop-24x14.jpg 24w, https:\/\/zsp12.gliwice.pl\/pm7\/wp-content\/uploads\/sites\/7\/2019\/09\/thumb_435385_600x350_0_0_crop-36x21.jpg 36w, https:\/\/zsp12.gliwice.pl\/pm7\/wp-content\/uploads\/sites\/7\/2019\/09\/thumb_435385_600x350_0_0_crop-48x28.jpg 48w\" sizes=\"(max-width: 600px) 100vw, 600px\" \/><\/em><\/p>\n<p><em>Drodzy Rodzice!<\/em><\/p>\n<p><em>Ca\u0142\u0105 spo\u0142eczno\u015b\u0107 Zespo\u0142u Szkolno-Przedszkolnego nr 12, serdecznie zapraszamy do udzia\u0142u w Wielkiej Paradzie z okazji Festiwalu miasta dnia <u>7 wrze<\/u><u>\u015b<\/u><u>nia<\/u>. Dzieci wraz z doros\u0142ymi proszone s\u0105 o <u>kolorowy ubi\u00f3r<\/u> i przybycie na gliwicki Rynek do godziny <u>11.50<\/u>, sk\u0105d wsp\u00f3lnie rozpoczniemy <u>Wielk<\/u><u>\u0105<\/u><u> Parad<\/u><u>\u0119<\/u>, kt\u00f3ra barwnym korowodem przejdzie z Rynku przez ul. Zwyci\u0119stwa i Barlickiego, do Parku Chopina. Na miejscu nie zabraknie wyst\u0119p\u00f3w tanecznych, artystycznych i teatralnych, oraz atrakcji dla najm\u0142odszych! <\/em><\/p>\n<p style=\"text-align: center\"><em><u>SERDECZNIE ZAPRASZAMY DO WSP\u00d3LNEGO <\/u><u>\u015a<\/u><u>WI<\/u><u>\u0118<\/u><u>TOWANIA!<\/u><\/em><em>\u00a0<\/em><\/p>\n<p style=\"text-align: center\"><em>Rodzic\u00f3w zainteresowanych udzia\u0142em we wsp\u00f3lnej zabawie prosimy o zg\u0142oszenie tego faktu wychowawcy.<\/em><\/p>\n","protected":false},"excerpt":{"rendered":"<p>Drodzy Rodzice! Ca\u0142\u0105 spo\u0142eczno\u015b\u0107 Zespo\u0142u Szkolno-Przedszkolnego nr 12, serdecznie zapraszamy do udzia\u0142u w Wielkiej Paradzie z okazji Festiwalu miasta dnia&#8230;<\/p>\n","protected":false},"author":2,"featured_media":2460,"comment_status":"open","ping_status":"open","sticky":false,"template":"","format":"standard","meta":{"inline_featured_image":false,"ngg_post_thumbnail":0,"footnotes":""},"categories":[33,17],"tags":[],"class_list":["post-2459","post","type-post","status-publish","format-standard","has-post-thumbnail","hentry","category-archiwum-pm7","category-informacje"],"_links":{"self":[{"href":"https:\/\/zsp12.gliwice.pl\/pm7\/wp-json\/wp\/v2\/posts\/2459"}],"collection":[{"href":"https:\/\/zsp12.gliwice.pl\/pm7\/wp-json\/wp\/v2\/posts"}],"about":[{"href":"https:\/\/zsp12.gliwice.pl\/pm7\/wp-json\/wp\/v2\/types\/post"}],"author":[{"embeddable":true,"href":"https:\/\/zsp12.gliwice.pl\/pm7\/wp-json\/wp\/v2\/users\/2"}],"replies":[{"embeddable":true,"href":"https:\/\/zsp12.gliwice.pl\/pm7\/wp-json\/wp\/v2\/comments?post=2459"}],"version-history":[{"count":3,"href":"https:\/\/zsp12.gliwice.pl\/pm7\/wp-json\/wp\/v2\/posts\/2459\/revisions"}],"predecessor-version":[{"id":2464,"href":"https:\/\/zsp12.gliwice.pl\/pm7\/wp-json\/wp\/v2\/posts\/2459\/revisions\/2464"}],"wp:featuredmedia":[{"embeddable":true,"href":"https:\/\/zsp12.gliwice.pl\/pm7\/wp-json\/wp\/v2\/media\/2460"}],"wp:attachment":[{"href":"https:\/\/zsp12.gliwice.pl\/pm7\/wp-json\/wp\/v2\/media?parent=2459"}],"wp:term":[{"taxonomy":"category","embeddable":true,"href":"https:\/\/zsp12.gliwice.pl\/pm7\/wp-json\/wp\/v2\/categories?post=2459"},{"taxonomy":"post_tag","embeddable":true,"href":"https:\/\/zsp12.gliwice.pl\/pm7\/wp-json\/wp\/v2\/tags?post=2459"}],"curies":[{"name":"wp","href":"https:\/\/api.w.org\/{rel}","templated":true}]}}